{"id":42233,"date":"2019-03-21T09:54:22","date_gmt":"2019-03-21T12:54:22","guid":{"rendered":"https:\/\/www.actualidadadiario.com\/?p=42233"},"modified":"2019-05-06T20:50:49","modified_gmt":"2019-05-06T23:50:49","slug":"rio-negro-reves-para-el-intento-reeleccionario-de-weretilneck","status":"publish","type":"post","link":"https:\/\/www.actualidadadiario.com\/index.php\/2019\/03\/21\/rio-negro-reves-para-el-intento-reeleccionario-de-weretilneck\/","title":{"rendered":"R\u00edo Negro: rev\u00e9s para el intento reeleccionario de Weretilneck"},"content":{"rendered":"\n<p><strong><em>La procuradora General de la Naci\u00f3n dictamin\u00f3 en contra de las aspiraciones del gobernador que es socio de Pichetto y cuenta con el apoyo t\u00e1cito de Macri. La decisi\u00f3n se conoci\u00f3 dos d\u00edas antes de que falle la Corte Suprema<\/em><\/strong><\/p>\n\n\n\n<p><\/p>\n\n\n\n<p><\/p>\n\n\n\n<p>El viernes la Corte Suprema de la Naci\u00f3n deber\u00e1 resolver si\nel gobernador de R\u00edo Negro, Alberto Weretilneck, puede presentarse para ser\nreelecto en las elecciones provinciales previstas para el 7 de abril. En la\nprevia, la procuradora General de la Naci\u00f3n, Laura Monti, emiti\u00f3 un dictamen no\nvinculante en el que opin\u00f3 que el m\u00e1ximo tribunal deber\u00eda vetarlo. <\/p>\n\n\n\n<p>Monti trabaj\u00f3 por separadas las apelaciones del Frente para\nla Victoria y Cambiemos, pero&nbsp; en ambas\nrecomend\u00f3 no habilitar al gobernador. Hizo&nbsp;\nhincapi\u00e9&nbsp; en el art\u00edculo 175 de la\nConstituci\u00f3n de R\u00edo Negro y contradice la visi\u00f3n del Supremo Tribunal de\nJusticia (STJ) rionegrino \u201cen tanto tergiversa la recta inteligencia de dicha\nnorma constitucional local\u201d.<\/p>\n\n\n\n<p>Weretilneck es goberador desde el 2015, pero anteriormente\nfue vicegobernador del fallecido Carlos Soria. El actual mandatario argumenta\nque solo fue electo una vez para el m\u00e1ximo cargo del poder Poder Ejecutivo y\nentonces deber\u00eda poder presentarse de nuevo.<\/p>\n\n\n\n<p>La titular del Ministerio P\u00fablico Fiscal argument\u00f3\nutilizando el antecedente&nbsp; de Gerardo\nZamora en el 2013, cuando la Corte no permiti\u00f3 que el entonces gobernador de\nSantiago del Estero compita por una nueva reelecci\u00f3n. Su situaci\u00f3n era similar\na la del rionegrino.<\/p>\n\n\n\n<p>\u201cUna de sus m\u00e1s importantes misiones consiste en interpretar\nla Constituci\u00f3n Nacional de modo que el ejercicio de la autoridad nacional y\nprovincial se -desenvuelvan armoniosamente, evitando interferencias o roces\nsusceptibles de acrecentar los poderes del gobierno central en detrimento\nprovinciales y viceversa\u201d, explic\u00f3 la procuradora en su fallo.<\/p>\n\n\n\n<p>Weretilneck es el socio pol\u00edtico de Miguel \u00c1ngel Pichetto en\nsu intento de ser candidato a Presidente. Adem\u00e1s, es la m\u00e1xima apuesta de\nMauricio Macri para las elecciones de R\u00edo Negro ya que Cambiemos no tiene un\ncandidato fuerte en la provincia patag\u00f3nica. <\/p>\n\n\n\n<p>Si la Corte falla en sinton\u00eda con Monti crecen las\naspiraciones de Mart\u00edn Soria, hijo del ex gobernador Carlos y actual intendente\nde General Roca. Tiene el fuerte apoyo de Cristina Kirchner.<\/p>\n","protected":false},"excerpt":{"rendered":"<p>La procuradora General de la Naci\u00f3n dictamin\u00f3 en contra de las aspiraciones del gobernador que es socio de Pichetto y cuenta con el apoyo t\u00e1cito de Macri. La decisi\u00f3n se conoci\u00f3 dos d\u00edas antes de que falle la Corte Suprema El viernes la Corte Suprema de la Naci\u00f3n deber\u00e1 resolver si el gobernador de R\u00edo Negro, Alberto Weretilneck, puede presentarse para ser reelecto en las elecciones provinciales previstas para el 7 de abril. En la previa, la procuradora General de la Naci\u00f3n, Laura Monti, emiti\u00f3 un dictamen no vinculante en&#8230;<\/p>\n","protected":false},"author":3,"featured_media":42234,"comment_status":"closed","ping_status":"closed","sticky":false,"template":"","format":"standard","meta":[],"categories":[18],"tags":[],"_links":{"self":[{"href":"https:\/\/www.actualidadadiario.com\/index.php\/wp-json\/wp\/v2\/posts\/42233"}],"collection":[{"href":"https:\/\/www.actualidadadiario.com\/index.php\/wp-json\/wp\/v2\/posts"}],"about":[{"href":"https:\/\/www.actualidadadiario.com\/index.php\/wp-json\/wp\/v2\/types\/post"}],"author":[{"embeddable":true,"href":"https:\/\/www.actualidadadiario.com\/index.php\/wp-json\/wp\/v2\/users\/3"}],"replies":[{"embeddable":true,"href":"https:\/\/www.actualidadadiario.com\/index.php\/wp-json\/wp\/v2\/comments?post=42233"}],"version-history":[{"count":1,"href":"https:\/\/www.actualidadadiario.com\/index.php\/wp-json\/wp\/v2\/posts\/42233\/revisions"}],"predecessor-version":[{"id":42235,"href":"https:\/\/www.actualidadadiario.com\/index.php\/wp-json\/wp\/v2\/posts\/42233\/revisions\/42235"}],"wp:featuredmedia":[{"embeddable":true,"href":"https:\/\/www.actualidadadiario.com\/index.php\/wp-json\/wp\/v2\/media\/42234"}],"wp:attachment":[{"href":"https:\/\/www.actualidadadiario.com\/index.php\/wp-json\/wp\/v2\/media?parent=42233"}],"wp:term":[{"taxonomy":"category","embeddable":true,"href":"https:\/\/www.actualidadadiario.com\/index.php\/wp-json\/wp\/v2\/categories?post=42233"},{"taxonomy":"post_tag","embeddable":true,"href":"https:\/\/www.actualidadadiario.com\/index.php\/wp-json\/wp\/v2\/tags?post=42233"}],"curies":[{"name":"wp","href":"https:\/\/api.w.org\/{rel}","templated":true}]}}