{"id":42230,"date":"2019-03-21T09:53:40","date_gmt":"2019-03-21T12:53:40","guid":{"rendered":"https:\/\/www.actualidadadiario.com\/?p=42230"},"modified":"2019-05-06T20:50:56","modified_gmt":"2019-05-06T23:50:56","slug":"ratificaron-la-falta-de-merito-para-cristina-en-la-causa-de-la-ruta-del-dinero-k","status":"publish","type":"post","link":"https:\/\/www.actualidadadiario.com\/index.php\/2019\/03\/21\/ratificaron-la-falta-de-merito-para-cristina-en-la-causa-de-la-ruta-del-dinero-k\/","title":{"rendered":"Ratificaron la falta de m\u00e9rito para Cristina en la causa de &#8220;la ruta del dinero K&#8221;"},"content":{"rendered":"\n<p><strong><em>La ex presidenta hab\u00eda sido introducida en el expediente por una declaraci\u00f3n de Fari\u00f1a. La C\u00e1mara Federal ratific\u00f3 el fallo de Casanello, quien sostiene que no hay pruebas en su contra, a pesar de la insistencia de Laura Alonso<\/em><\/strong><\/p>\n\n\n\n<p><\/p>\n\n\n\n<p><\/p>\n\n\n\n<p>La C\u00e1mara Federal porte\u00f1a ratific\u00f3 este mi\u00e9rcoles la\ndecisi\u00f3n del juez federal Sebasti\u00e1n Casanello de dictar la falta de m\u00e9rito para\nla ex presidenta y actual senadora Cristina Fern\u00e1ndez de Kirchner, en la causa\npor lavado de dinero conocida como &#8220;La ruta del dinero K&#8221; y por la\nque est\u00e1 detenido el empresario L\u00e1zaro B\u00e1ez.<\/p>\n\n\n\n<p>En el mismo fallo, la sala I del tribunal de apelaciones\ndestac\u00f3 &#8220;la necesidad de profundizar la pesquisa&#8221;, a fin de\ndeterminar si la ex mandataria tuvo alg\u00fan grado de relaci\u00f3n con los delitos por\nlos cuales se investiga a B\u00e1ez.<\/p>\n\n\n\n<p>El fallo lleva la firma de los camaristas Mariano Llorens y\nPablo Bertuzzi quienes resolvieron sobre la apelaci\u00f3n presentada por la Unidad\nde Informaci\u00f3n Financiera (UIF) y la Oficina Anticorrupci\u00f3n (OA) contra el\nfallo de Casanello.<\/p>\n\n\n\n<p>Ambos organismos hab\u00edan impugnado el fallo con el que\nCasanello afirm\u00f3 que &#8220;no existe m\u00e9rito suficiente como para procesar o\nsobreseer a Cristina Fern\u00e1ndez por los hechos por los que fuera intimada&#8221;,\nen el marco de la causa de lavado de dinero contra B\u00e1ez.<\/p>\n\n\n\n<p>Sobre la apelaci\u00f3n de la OA y la UIF, los jueces de la\nC\u00e1mara Federal sostuvieron que &#8220;las objeciones de las querellas, que\nencierran en definitiva un disenso con la cuesti\u00f3n de fondo, se exhiben\ninsuficientes como para justificar una sanci\u00f3n procesal que invalide el\nresolutorio&#8221;.<\/p>\n\n\n\n<p>&#8220;Con relaci\u00f3n a los planteos que tildaron de infundada\ny arbitraria la decisi\u00f3n del magistrado de grado se observa que el juzgador ha\nexpresado las razones de hecho y de derecho que lo condujeron a adoptar la\ndecisi\u00f3n criticada, y se advierte, m\u00e1s all\u00e1 de su acierto o error, la\nexistencia de una conexi\u00f3n l\u00f3gica entre las conclusiones y las premisas\nvaloradas&#8221;, remarcaron Llorens y Bertuzzi.<\/p>\n\n\n\n<p>M\u00e1s all\u00e1 de respaldar la decisi\u00f3n de Casanello, los\ncamaristas sostuvieron que a\u00fan resta &#8220;corroborar la hip\u00f3tesis que podr\u00eda\ndar cuenta del conocimiento de la encartada sobre el accionar de B\u00e1ez como\nposible prestanombre&#8221;.<\/p>\n\n\n\n<p>La idea de que B\u00e1ez podr\u00eda ser un testaferro de la ex\nmandataria fue introducida en el expediente por el valijero Leonardo Fari\u00f1a,\nquien sostuvo que, frente a una comunicaci\u00f3n de la Embajada de los Estados\nUnidos, Fern\u00e1ndez de Kirchner le habr\u00eda pedido a B\u00e1ez que sea m\u00e1s prudente con\nlos movimientos de dinero.<\/p>\n\n\n\n<p>&#8220;Luce como acertado proceder tambi\u00e9n a la evaluaci\u00f3n de\nlos dichos del contador V\u00edctor Manzanares, los de Juan Manuel Campillo, como\nas\u00ed tambi\u00e9n los de Jos\u00e9 L\u00f3pez y cualquier otra declaraci\u00f3n brindada en el marco\nde la ley 27.304&#8221;, sostuvieron los jueces de la C\u00e1mara Federal en\nreferencia a las declaraciones brindadas por imputados de la causa de las\nfotocopias de los cuadernos.<\/p>\n\n\n\n<p>Tanto el ex secretario de Obras P\u00fablicas Jos\u00e9 L\u00f3pez, como el\nex ministro de Hacienda de Santa Cruz, Juan Manuel Campillo, fueron admitidos\ncomo arrepentidos en dicha causa, pero a\u00fan no ocurri\u00f3 lo mismo con Manzanares,\nquien pidi\u00f3 ser arrepentido y quien declar\u00f3 ante los fiscales del caso si ser\naceptado aun por el juez Claudio Bonadio, por lo que su declaraci\u00f3n no fue\nincorporada al expediente.<\/p>\n","protected":false},"excerpt":{"rendered":"<p>La ex presidenta hab\u00eda sido introducida en el expediente por una declaraci\u00f3n de Fari\u00f1a. La C\u00e1mara Federal ratific\u00f3 el fallo de Casanello, quien sostiene que no hay pruebas en su contra, a pesar de la insistencia de Laura Alonso La C\u00e1mara Federal porte\u00f1a ratific\u00f3 este mi\u00e9rcoles la decisi\u00f3n del juez federal Sebasti\u00e1n Casanello de dictar la falta de m\u00e9rito para la ex presidenta y actual senadora Cristina Fern\u00e1ndez de Kirchner, en la causa por lavado de dinero conocida como &#8220;La ruta del dinero K&#8221; y por la que est\u00e1 detenido&#8230;<\/p>\n","protected":false},"author":3,"featured_media":42231,"comment_status":"closed","ping_status":"closed","sticky":false,"template":"","format":"standard","meta":[],"categories":[9],"tags":[],"_links":{"self":[{"href":"https:\/\/www.actualidadadiario.com\/index.php\/wp-json\/wp\/v2\/posts\/42230"}],"collection":[{"href":"https:\/\/www.actualidadadiario.com\/index.php\/wp-json\/wp\/v2\/posts"}],"about":[{"href":"https:\/\/www.actualidadadiario.com\/index.php\/wp-json\/wp\/v2\/types\/post"}],"author":[{"embeddable":true,"href":"https:\/\/www.actualidadadiario.com\/index.php\/wp-json\/wp\/v2\/users\/3"}],"replies":[{"embeddable":true,"href":"https:\/\/www.actualidadadiario.com\/index.php\/wp-json\/wp\/v2\/comments?post=42230"}],"version-history":[{"count":1,"href":"https:\/\/www.actualidadadiario.com\/index.php\/wp-json\/wp\/v2\/posts\/42230\/revisions"}],"predecessor-version":[{"id":42232,"href":"https:\/\/www.actualidadadiario.com\/index.php\/wp-json\/wp\/v2\/posts\/42230\/revisions\/42232"}],"wp:featuredmedia":[{"embeddable":true,"href":"https:\/\/www.actualidadadiario.com\/index.php\/wp-json\/wp\/v2\/media\/42231"}],"wp:attachment":[{"href":"https:\/\/www.actualidadadiario.com\/index.php\/wp-json\/wp\/v2\/media?parent=42230"}],"wp:term":[{"taxonomy":"category","embeddable":true,"href":"https:\/\/www.actualidadadiario.com\/index.php\/wp-json\/wp\/v2\/categories?post=42230"},{"taxonomy":"post_tag","embeddable":true,"href":"https:\/\/www.actualidadadiario.com\/index.php\/wp-json\/wp\/v2\/tags?post=42230"}],"curies":[{"name":"wp","href":"https:\/\/api.w.org\/{rel}","templated":true}]}}