{"id":42227,"date":"2019-03-21T09:52:58","date_gmt":"2019-03-21T12:52:58","guid":{"rendered":"https:\/\/www.actualidadadiario.com\/?p=42227"},"modified":"2019-05-06T20:54:32","modified_gmt":"2019-05-06T23:54:32","slug":"el-senado-le-dio-media-sancion-a-la-ley-nacional-de-talles","status":"publish","type":"post","link":"https:\/\/www.actualidadadiario.com\/index.php\/2019\/03\/21\/el-senado-le-dio-media-sancion-a-la-ley-nacional-de-talles\/","title":{"rendered":"El Senado le dio media sanci\u00f3n a la Ley Nacional de Talles"},"content":{"rendered":"\n<p><strong><em>La votaci\u00f3n fue un\u00e1nime y ahora el proyecto ser\u00e1 tratado en Diputados<\/em><\/strong><\/p>\n\n\n\n<p><\/p>\n\n\n\n<p><\/p>\n\n\n\n<p>Por unanimidad tras cosechar 51 votos afirmativos, el Senado\naprob\u00f3 y gir\u00f3 a Diputados este mi\u00e9rcoles un proyecto de Ley Nacional de Talles,\nque establece un registro \u00fanico y estandarizado, accesible para el consumidor y\nactualizado cada 10 a\u00f1os. Adem\u00e1s, la iniciativa impone medidas contra la\ndiscriminaci\u00f3n en los comercios y apunta a atacar enfermedades como la bulimia\ny la anorexia.<\/p>\n\n\n\n<p>\u201cSabemos del dif\u00edcil momento de la industria textil, pero\narribamos a un acuerdo para que salga la ley nacional de talles. El talle \u00fanico\nno es \u00fanico talle\u201d, mencion\u00f3 la legisladora del Frente para la Victoria, Mar\u00eda\nde los \u00c1ngeles Sacnun, titular de la Comisi\u00f3n de Industria y Comercio y miembro\ninformante del proyecto.<\/p>\n\n\n\n<p>La iniciativa avalada crea el \u201cSistema \u00danico Normalizado de\nIdentificaci\u00f3n de Talles de Indumentaria\u201d (SUNITI), que busca determinar,\nmediante un estudio antropom\u00e9trico (a realizar cada 10 a\u00f1os), c\u00f3mo es\nefectivamente el cuerpo de los argentinos y as\u00ed obtener las medidas corporales\nque permitan salir de la escala de talles \u00fanicos o est\u00e1ndar (S-M-L) que no\ncontemplan los cuerpos reales. <\/p>\n\n\n\n<p>Buscan adem\u00e1s que la medida responda a los intereses de la\nindustria textil y de indumentaria, que reclama que no hay variedad de talles\nporque en el pa\u00eds no hay mercado suficiente como para hacerlos. <\/p>\n\n\n\n<p>Adem\u00e1s, se indica que \u201ctodo comerciante, fabricante o\nimportador de indumentaria debe identificar cada prenda de acuerdo con el\nSUNITI\u201d, y la etiqueta debe ser \u201cde f\u00e1cil comprensi\u00f3n para el consumidor\u201d y\ndebe estar \u201cadherida a la prenda\u201d.<\/p>\n\n\n\n<p>Por otra parte, los comercios estar\u00e1n obligados a exhibir un\ncartel de un m\u00ednimo de 15 x 21, visualmente accesible, que contenga la tabla de\nmedidas corporales normalizadas. Otro punto novedoso es que los locales tendr\u00e1n\nque \u201cgarantizar condiciones de atenci\u00f3n y trato digno y equitativo a los\nconsumidores\u201d, y en ese sentido \u201cdeber\u00e1n abstenerse de desplegar conductas que\ncoloquen a los consumidores en situaciones vergonzantes, vejatorias o\nintimidatorias\u201d.<\/p>\n\n\n\n<p>Por \u00faltimo, se establecen sanciones por el incumplimiento de\nla ley, que son las contempladas en la Ley 24.240 de Defensa del Consumidor y\nla Ley 23.592 de Penalizaci\u00f3n de Actos Discriminatorios.<\/p>\n","protected":false},"excerpt":{"rendered":"<p>La votaci\u00f3n fue un\u00e1nime y ahora el proyecto ser\u00e1 tratado en Diputados Por unanimidad tras cosechar 51 votos afirmativos, el Senado aprob\u00f3 y gir\u00f3 a Diputados este mi\u00e9rcoles un proyecto de Ley Nacional de Talles, que establece un registro \u00fanico y estandarizado, accesible para el consumidor y actualizado cada 10 a\u00f1os. Adem\u00e1s, la iniciativa impone medidas contra la discriminaci\u00f3n en los comercios y apunta a atacar enfermedades como la bulimia y la anorexia. \u201cSabemos del dif\u00edcil momento de la industria textil, pero arribamos a un acuerdo para que salga la&#8230;<\/p>\n","protected":false},"author":3,"featured_media":42228,"comment_status":"closed","ping_status":"closed","sticky":false,"template":"","format":"standard","meta":[],"categories":[9],"tags":[],"_links":{"self":[{"href":"https:\/\/www.actualidadadiario.com\/index.php\/wp-json\/wp\/v2\/posts\/42227"}],"collection":[{"href":"https:\/\/www.actualidadadiario.com\/index.php\/wp-json\/wp\/v2\/posts"}],"about":[{"href":"https:\/\/www.actualidadadiario.com\/index.php\/wp-json\/wp\/v2\/types\/post"}],"author":[{"embeddable":true,"href":"https:\/\/www.actualidadadiario.com\/index.php\/wp-json\/wp\/v2\/users\/3"}],"replies":[{"embeddable":true,"href":"https:\/\/www.actualidadadiario.com\/index.php\/wp-json\/wp\/v2\/comments?post=42227"}],"version-history":[{"count":1,"href":"https:\/\/www.actualidadadiario.com\/index.php\/wp-json\/wp\/v2\/posts\/42227\/revisions"}],"predecessor-version":[{"id":42229,"href":"https:\/\/www.actualidadadiario.com\/index.php\/wp-json\/wp\/v2\/posts\/42227\/revisions\/42229"}],"wp:featuredmedia":[{"embeddable":true,"href":"https:\/\/www.actualidadadiario.com\/index.php\/wp-json\/wp\/v2\/media\/42228"}],"wp:attachment":[{"href":"https:\/\/www.actualidadadiario.com\/index.php\/wp-json\/wp\/v2\/media?parent=42227"}],"wp:term":[{"taxonomy":"category","embeddable":true,"href":"https:\/\/www.actualidadadiario.com\/index.php\/wp-json\/wp\/v2\/categories?post=42227"},{"taxonomy":"post_tag","embeddable":true,"href":"https:\/\/www.actualidadadiario.com\/index.php\/wp-json\/wp\/v2\/tags?post=42227"}],"curies":[{"name":"wp","href":"https:\/\/api.w.org\/{rel}","templated":true}]}}