{"id":4222,"date":"2016-11-09T09:36:21","date_gmt":"2016-11-09T12:36:21","guid":{"rendered":"http:\/\/actualidadadiario.com\/site\/?p=4222"},"modified":"2016-11-09T09:36:21","modified_gmt":"2016-11-09T12:36:21","slug":"el-gobierno-capacito-a-inspectores-y-policias-sobre-la-trata-de-personas-y-trabajo-infantil","status":"publish","type":"post","link":"https:\/\/www.actualidadadiario.com\/index.php\/2016\/11\/09\/el-gobierno-capacito-a-inspectores-y-policias-sobre-la-trata-de-personas-y-trabajo-infantil\/","title":{"rendered":"El gobierno capacit\u00f3 a inspectores y polic\u00edas sobre la trata de personas y trabajo infantil"},"content":{"rendered":"<p><em><strong>Mediante una jornada de capacitaci\u00f3n en Inspecci\u00f3n sobre Trabajo Infantil y Trata de Personas, la Secretar\u00eda de Trabajo y Seguridad Social ofreci\u00f3 herramientas a los inspectores y agentes p\u00fablicos para brindar un mejor servicio a la ciudadan\u00eda y prevenir el delito de trabajo infantil y trata de personas. Se busca la articulaci\u00f3n de todos los niveles del Estado<\/strong><\/em><\/p>\n<p>&nbsp;<\/p>\n<p>&nbsp;<\/p>\n<p>&nbsp;<\/p>\n<p>&nbsp;<\/p>\n<p>&nbsp;<\/p>\n<p>&nbsp;<\/p>\n<p>Durante la jornada, organizada por la Secretar\u00eda de Trabajo y Seguridad Social, los inspectores laborales de las 17 delegaciones, personal de la fuerza policial e inspectores de la Afip fueron capacitados sobre las normativas y aspectos operativos de la inspecciones, con \u00e9nfasis en la prevenci\u00f3n y erradicaci\u00f3n del trabajo infantil y la trata de personas. Dicha formaci\u00f3n estuvo a cargo de las especialistas Silvia Kutscher y Mar\u00eda Soledad Toledo, coordinadoras de la Coordinaci\u00f3n de Prevenci\u00f3n del Trabajo Infantil y Protecci\u00f3n del Trabajo Adolescente (COODITIA) y de Mar\u00eda Laura Ferrante, asesora de la Subsecretar\u00eda de Fiscalizaci\u00f3n del Trabajo y Seguridad Social.<\/p>\n<p>&nbsp;<\/p>\n<p>La apertura del programa estuvo a cargo del secretario de Gobierno, Germ\u00e1n Gran\u00e9, el secretario de Trabajo, Oscar Balla, el delegado regional del Ministerio de Trabajo, Diego Carnavale, la coordinadora del Consejo provincial de Prevenci\u00f3n, Protecci\u00f3n, Asistencia a V\u00edctimas y Testigos de la Trata y Tr\u00e1fico de Personas, Marcia L\u00f3pez y la titular del Copreti, M\u00f3nica Mu\u00f1oz.<\/p>\n<p>&nbsp;<\/p>\n<p>&nbsp;<\/p>\n<p>&nbsp;<\/p>\n<p>&nbsp;<\/p>\n<p>&nbsp;<\/p>\n<p>&nbsp;<\/p>\n<p><strong>Trabajo articulado <\/strong><\/p>\n<p>El secretario de Gobierno, Germ\u00e1n Gran\u00e9 mencion\u00f3 que \u201csi bien se viene haciendo un gran trabajo en prevenci\u00f3n estamos redoblando los esfuerzos para brindar procedimientos m\u00e1s eficaces, tal como lo ha pedido el gobernador\u201d. Tras enumerar las acciones que se vienen realizando desde los Consejos del Trabajo Infantil y de la Trata de Personas, el funcionario se\u00f1al\u00f3 \u201cla necesidad de capacitarse de manera constante, porque estamos frente una problem\u00e1tica que va mutando\u201d. Gran\u00e9 defendi\u00f3 el trabajo articulado del Estado a fin de \u201cevitar estas situaciones y ante la detecci\u00f3n del delito aumentar la eficacia y la respuesta\u201d, indic\u00f3.<\/p>\n<p>&nbsp;<\/p>\n<p>Por su parte, el titular del \u00e1rea laboral, Oscar Balla celebr\u00f3 la instancia y manifest\u00f3 que \u201cla jornada sirve para aceitar los mecanismos de articulaci\u00f3n entre los organismos intervinientes en estas problem\u00e1ticas, tal como nos ha pedido el gobernador\u201d. Destac\u00f3 la labor realizada por los inspectores, que \u201cson los que constatan las irregularidades y necesitan tener nuevas herramientas para detectar los casos posibles de trata de personas, ya que es una problem\u00e1tica muy particular y variable\u201d.<\/p>\n<p>&nbsp;<\/p>\n<p>Respecto al trabajo infantil, Balla record\u00f3 que se viene desarrollando una tarea constante en la provincia, que ha alcanzado resultados positivos en la b\u00fasqueda de la erradicaci\u00f3n del flagelo. Remarc\u00f3 adem\u00e1s que \u201cEntre R\u00edos es pionera en la asistencia de la violencia laboral, que se brinda a trav\u00e9s de un equipo interdisciplinario con el objetivo puesto en la prevenci\u00f3n y la intervenci\u00f3n directa\u201d.<\/p>\n<p>&nbsp;<\/p>\n<p>En su alocuci\u00f3n, el delegado nacional, Diego Carnavale indic\u00f3 que \u201cel trabajo en conjunto con la provincia es muy importante para dar batalla a estos delitos\u201d. Consider\u00f3 prioritario que \u201clos inspectores conozcan las normativas para afianzar la prevenci\u00f3n y erradicar el trabajo infantil y la trata de personas en todo el pa\u00eds\u201d.<\/p>\n<p>&nbsp;<\/p>\n<p>Finalmente, la titular del Consejo de Trata indic\u00f3 que \u201cel delito de trata de personas es muy complejo y tiene aristas particulares por eso la capacitaci\u00f3n es fundamental\u201d. Celebr\u00f3 la participaci\u00f3n y se mostr\u00f3 dispuesta a trabajar en conjunto para \u201cvisibilizar la problem\u00e1tica, que afectan a todos como sociedad\u201d.<\/p>\n","protected":false},"excerpt":{"rendered":"<p>Mediante una jornada de capacitaci\u00f3n en Inspecci\u00f3n sobre Trabajo Infantil y Trata de Personas, la Secretar\u00eda de Trabajo y Seguridad Social ofreci\u00f3 herramientas a los inspectores y agentes p\u00fablicos para brindar un mejor servicio a la ciudadan\u00eda y prevenir el delito de trabajo infantil y trata de personas. Se busca la articulaci\u00f3n de todos los niveles del Estado &nbsp; &nbsp; &nbsp; &nbsp; &nbsp; &nbsp; Durante la jornada, organizada por la Secretar\u00eda de Trabajo y Seguridad Social, los inspectores laborales de las 17 delegaciones, personal de la fuerza policial e inspectores&#8230;<\/p>\n","protected":false},"author":3,"featured_media":4223,"comment_status":"closed","ping_status":"closed","sticky":false,"template":"","format":"standard","meta":[],"categories":[15],"tags":[],"_links":{"self":[{"href":"https:\/\/www.actualidadadiario.com\/index.php\/wp-json\/wp\/v2\/posts\/4222"}],"collection":[{"href":"https:\/\/www.actualidadadiario.com\/index.php\/wp-json\/wp\/v2\/posts"}],"about":[{"href":"https:\/\/www.actualidadadiario.com\/index.php\/wp-json\/wp\/v2\/types\/post"}],"author":[{"embeddable":true,"href":"https:\/\/www.actualidadadiario.com\/index.php\/wp-json\/wp\/v2\/users\/3"}],"replies":[{"embeddable":true,"href":"https:\/\/www.actualidadadiario.com\/index.php\/wp-json\/wp\/v2\/comments?post=4222"}],"version-history":[{"count":1,"href":"https:\/\/www.actualidadadiario.com\/index.php\/wp-json\/wp\/v2\/posts\/4222\/revisions"}],"predecessor-version":[{"id":4224,"href":"https:\/\/www.actualidadadiario.com\/index.php\/wp-json\/wp\/v2\/posts\/4222\/revisions\/4224"}],"wp:featuredmedia":[{"embeddable":true,"href":"https:\/\/www.actualidadadiario.com\/index.php\/wp-json\/wp\/v2\/media\/4223"}],"wp:attachment":[{"href":"https:\/\/www.actualidadadiario.com\/index.php\/wp-json\/wp\/v2\/media?parent=4222"}],"wp:term":[{"taxonomy":"category","embeddable":true,"href":"https:\/\/www.actualidadadiario.com\/index.php\/wp-json\/wp\/v2\/categories?post=4222"},{"taxonomy":"post_tag","embeddable":true,"href":"https:\/\/www.actualidadadiario.com\/index.php\/wp-json\/wp\/v2\/tags?post=4222"}],"curies":[{"name":"wp","href":"https:\/\/api.w.org\/{rel}","templated":true}]}}