{"id":42217,"date":"2019-03-21T09:49:17","date_gmt":"2019-03-21T12:49:17","guid":{"rendered":"https:\/\/www.actualidadadiario.com\/?p=42217"},"modified":"2019-05-06T20:53:17","modified_gmt":"2019-05-06T23:53:17","slug":"la-cifra-final-de-desocupacion-de-2018-podria-llegar-a-los-dos-digitos","status":"publish","type":"post","link":"https:\/\/www.actualidadadiario.com\/index.php\/2019\/03\/21\/la-cifra-final-de-desocupacion-de-2018-podria-llegar-a-los-dos-digitos\/","title":{"rendered":"La cifra final de desocupaci\u00f3n de 2018 podr\u00eda llegar a los dos d\u00edgitos"},"content":{"rendered":"\n<p><strong><em>El Indec dar\u00e1 a conocer este jueves los datos del \u00faltimo trimestre del a\u00f1o pasado. Hasta el tercer trimestre era de 9%. La m\u00e1s alta en 12 a\u00f1os<\/em><\/strong><\/p>\n\n\n\n<p><\/p>\n\n\n\n<p><\/p>\n\n\n\n<p>El Indec difundir\u00e1 este jueves los datos de desempleo del\ncuarto trimestre de 2018, que registrar\u00eda un aumento de un punto y medio,\nalcanzando los dos d\u00edgitos. <\/p>\n\n\n\n<p>El \u00faltimo trimestre, donde se sinti\u00f3 el mayor peso de la devaluaci\u00f3n\ny la recesi\u00f3n, oblig\u00f3 a las empresas a afrontar tasas de inter\u00e9s superiores al\n60%, por lo que se aguarda una cifra &#8220;inc\u00f3moda&#8221; para el Gobierno\nconsiderando que, de acuerdo a datos oficiales, a lo largo de 2018 se perdieron\npoco m\u00e1s de 191.000 empleos. <\/p>\n\n\n\n<p>El propio ministro de Producci\u00f3n y Trabajo, Dante Sica,\nadmiti\u00f3 esta semana que los datos que difundir\u00e1 el organismo estad\u00edstico\n&#8220;ser\u00e1n inc\u00f3modos&#8221;, aunque tambi\u00e9n resalt\u00f3 que la situaci\u00f3n se\nestabiliz\u00f3 durante los \u00faltimos meses. <\/p>\n\n\n\n<p>Entre los especialistas se especula que la desocupaci\u00f3n\npodr\u00eda aumentar 1,5 llegando al 10,5%. As\u00ed, se calcula que los sin trabajo\nllegar\u00edan a unos 2,2 millones. <\/p>\n\n\n\n<p>El \u00faltimo informe del Indec, en diciembre, arroj\u00f3 una\ndesocupaci\u00f3n abierta del 9%. Seg\u00fan el reporte, la cantidad de personas que\nbuscaron activamente empleo entre julio y septiembre (el per\u00edodo relevado)\nhab\u00eda aumentado respecto del mismo trimestre de 2017 (cuando hab\u00eda alcanzado al\n8,3%), aunque con una baja respecto del segundo trimestre de este a\u00f1o, que\nhab\u00eda alcanzado al 9,6% de la poblaci\u00f3n. <\/p>\n\n\n\n<p>Asimismo, de acuerdo a los datos del Ministerio de\nProducci\u00f3n y Trabajo sobre la base del Sistema Integrado Previsional Argentino\n(SIPA), en 2018 termin\u00f3 con 191.300 trabajadores registrados menos, 125.000\npuestos de trabajo en el sector privado destruidos a lo largo del 2018, 15.000 empleados\nindependientes menos y 21.000 trabajadores de casas particulares.<\/p>\n","protected":false},"excerpt":{"rendered":"<p>El Indec dar\u00e1 a conocer este jueves los datos del \u00faltimo trimestre del a\u00f1o pasado. Hasta el tercer trimestre era de 9%. La m\u00e1s alta en 12 a\u00f1os El Indec difundir\u00e1 este jueves los datos de desempleo del cuarto trimestre de 2018, que registrar\u00eda un aumento de un punto y medio, alcanzando los dos d\u00edgitos. El \u00faltimo trimestre, donde se sinti\u00f3 el mayor peso de la devaluaci\u00f3n y la recesi\u00f3n, oblig\u00f3 a las empresas a afrontar tasas de inter\u00e9s superiores al 60%, por lo que se aguarda una cifra &#8220;inc\u00f3moda&#8221;&#8230;<\/p>\n","protected":false},"author":3,"featured_media":8617,"comment_status":"closed","ping_status":"closed","sticky":false,"template":"","format":"standard","meta":[],"categories":[9],"tags":[],"_links":{"self":[{"href":"https:\/\/www.actualidadadiario.com\/index.php\/wp-json\/wp\/v2\/posts\/42217"}],"collection":[{"href":"https:\/\/www.actualidadadiario.com\/index.php\/wp-json\/wp\/v2\/posts"}],"about":[{"href":"https:\/\/www.actualidadadiario.com\/index.php\/wp-json\/wp\/v2\/types\/post"}],"author":[{"embeddable":true,"href":"https:\/\/www.actualidadadiario.com\/index.php\/wp-json\/wp\/v2\/users\/3"}],"replies":[{"embeddable":true,"href":"https:\/\/www.actualidadadiario.com\/index.php\/wp-json\/wp\/v2\/comments?post=42217"}],"version-history":[{"count":1,"href":"https:\/\/www.actualidadadiario.com\/index.php\/wp-json\/wp\/v2\/posts\/42217\/revisions"}],"predecessor-version":[{"id":42218,"href":"https:\/\/www.actualidadadiario.com\/index.php\/wp-json\/wp\/v2\/posts\/42217\/revisions\/42218"}],"wp:featuredmedia":[{"embeddable":true,"href":"https:\/\/www.actualidadadiario.com\/index.php\/wp-json\/wp\/v2\/media\/8617"}],"wp:attachment":[{"href":"https:\/\/www.actualidadadiario.com\/index.php\/wp-json\/wp\/v2\/media?parent=42217"}],"wp:term":[{"taxonomy":"category","embeddable":true,"href":"https:\/\/www.actualidadadiario.com\/index.php\/wp-json\/wp\/v2\/categories?post=42217"},{"taxonomy":"post_tag","embeddable":true,"href":"https:\/\/www.actualidadadiario.com\/index.php\/wp-json\/wp\/v2\/tags?post=42217"}],"curies":[{"name":"wp","href":"https:\/\/api.w.org\/{rel}","templated":true}]}}