{"id":42214,"date":"2019-03-21T09:48:35","date_gmt":"2019-03-21T12:48:35","guid":{"rendered":"https:\/\/www.actualidadadiario.com\/?p=42214"},"modified":"2019-05-06T20:53:30","modified_gmt":"2019-05-06T23:53:30","slug":"la-actividad-industrial-volvio-a-caer-con-fuerza-en-febrero-y-busca-su-piso","status":"publish","type":"post","link":"https:\/\/www.actualidadadiario.com\/index.php\/2019\/03\/21\/la-actividad-industrial-volvio-a-caer-con-fuerza-en-febrero-y-busca-su-piso\/","title":{"rendered":"La actividad industrial volvi\u00f3 a caer con fuerza en febrero y busca su piso"},"content":{"rendered":"\n<p><strong><em>El nivel de actividad industrial retrocedi\u00f3 7,3% en febrero respecto de igual per\u00edodo de 2018 y en el primer bimestre del a\u00f1o acumul\u00f3 una ca\u00edda de 8,4%, seg\u00fan el \u00cdndice de Producci\u00f3n Industrial (IPI) elaborado por la Fundaci\u00f3n de Investigaciones Econ\u00f3micas Latinoamericanas (FIEL)<\/em><\/strong><\/p>\n\n\n\n<p><\/p>\n\n\n\n<p><\/p>\n\n\n\n<p>En relaci\u00f3n con enero, la producci\u00f3n industrial result\u00f3 1,7%\nsuperior en la medici\u00f3n desestacionalizada. Por ramas de actividad, el ranking\nde crecimiento en el acumulado para los dos primeros meses del a\u00f1o y en la\ncomparaci\u00f3n interanual, fue encabezado por la producci\u00f3n de papel y celulosa,\ncon una mejora de 1,1%.<\/p>\n\n\n\n<p>Las restantes ramas de actividad mostraron un retroceso\ninteranual, encabezado por los despachos de cigarrillos (1%); seguido por\nalimentos y bebidas (1,8%), insumos textiles (5,7%), siderurgia (6%) y petr\u00f3leo\nprocesado (6,9%). A esas ca\u00eddas se sum\u00f3 la producci\u00f3n de minerales no met\u00e1licos\n(10,8%), la metalmec\u00e1nica (11,8%), los insumos qu\u00edmicos y pl\u00e1sticos (14,3%) y\nla producci\u00f3n automotriz (22,3%), que retrocedieron en el primer bimestre de\n2019 por encima del promedio.<\/p>\n\n\n\n<p>En base a la clasificaci\u00f3n de las ramas industriales seg\u00fan\nel tipo de bienes, los bienes de consumo durable lideraron la contracci\u00f3n en el\nprimer bimestre con una ca\u00edda del 18,4%.<\/p>\n","protected":false},"excerpt":{"rendered":"<p>El nivel de actividad industrial retrocedi\u00f3 7,3% en febrero respecto de igual per\u00edodo de 2018 y en el primer bimestre del a\u00f1o acumul\u00f3 una ca\u00edda de 8,4%, seg\u00fan el \u00cdndice de Producci\u00f3n Industrial (IPI) elaborado por la Fundaci\u00f3n de Investigaciones Econ\u00f3micas Latinoamericanas (FIEL) En relaci\u00f3n con enero, la producci\u00f3n industrial result\u00f3 1,7% superior en la medici\u00f3n desestacionalizada. Por ramas de actividad, el ranking de crecimiento en el acumulado para los dos primeros meses del a\u00f1o y en la comparaci\u00f3n interanual, fue encabezado por la producci\u00f3n de papel y celulosa, con&#8230;<\/p>\n","protected":false},"author":3,"featured_media":42215,"comment_status":"closed","ping_status":"closed","sticky":false,"template":"","format":"standard","meta":[],"categories":[2],"tags":[],"_links":{"self":[{"href":"https:\/\/www.actualidadadiario.com\/index.php\/wp-json\/wp\/v2\/posts\/42214"}],"collection":[{"href":"https:\/\/www.actualidadadiario.com\/index.php\/wp-json\/wp\/v2\/posts"}],"about":[{"href":"https:\/\/www.actualidadadiario.com\/index.php\/wp-json\/wp\/v2\/types\/post"}],"author":[{"embeddable":true,"href":"https:\/\/www.actualidadadiario.com\/index.php\/wp-json\/wp\/v2\/users\/3"}],"replies":[{"embeddable":true,"href":"https:\/\/www.actualidadadiario.com\/index.php\/wp-json\/wp\/v2\/comments?post=42214"}],"version-history":[{"count":1,"href":"https:\/\/www.actualidadadiario.com\/index.php\/wp-json\/wp\/v2\/posts\/42214\/revisions"}],"predecessor-version":[{"id":42216,"href":"https:\/\/www.actualidadadiario.com\/index.php\/wp-json\/wp\/v2\/posts\/42214\/revisions\/42216"}],"wp:featuredmedia":[{"embeddable":true,"href":"https:\/\/www.actualidadadiario.com\/index.php\/wp-json\/wp\/v2\/media\/42215"}],"wp:attachment":[{"href":"https:\/\/www.actualidadadiario.com\/index.php\/wp-json\/wp\/v2\/media?parent=42214"}],"wp:term":[{"taxonomy":"category","embeddable":true,"href":"https:\/\/www.actualidadadiario.com\/index.php\/wp-json\/wp\/v2\/categories?post=42214"},{"taxonomy":"post_tag","embeddable":true,"href":"https:\/\/www.actualidadadiario.com\/index.php\/wp-json\/wp\/v2\/tags?post=42214"}],"curies":[{"name":"wp","href":"https:\/\/api.w.org\/{rel}","templated":true}]}}