{"id":42209,"date":"2019-03-21T09:47:08","date_gmt":"2019-03-21T12:47:08","guid":{"rendered":"https:\/\/www.actualidadadiario.com\/?p=42209"},"modified":"2019-05-06T20:56:45","modified_gmt":"2019-05-06T23:56:45","slug":"bajo-la-demanda-electrica-y-ya-retrocedio-al-nivel-de-2015","status":"publish","type":"post","link":"https:\/\/www.actualidadadiario.com\/index.php\/2019\/03\/21\/bajo-la-demanda-electrica-y-ya-retrocedio-al-nivel-de-2015\/","title":{"rendered":"Baj\u00f3 la demanda el\u00e9ctrica y ya retrocedi\u00f3 al nivel de 2015"},"content":{"rendered":"\n<p><strong><em>La demanda de energ\u00eda el\u00e9ctrica cay\u00f3 5,6% interanual en febrero y se registr\u00f3 as\u00ed el consumo m\u00e1s bajo desde 2015, seg\u00fan inform\u00f3 ayer la Fundaci\u00f3n Para el Desarrollo El\u00e9ctrico (Fundelec). La merma del consumo se present\u00f3 en los usuarios residenciales, comerciales e industriales de todo el pa\u00eds y fue debido, principalmente, a las bajas temperaturas registradas durante el mes<\/em><\/strong><\/p>\n\n\n\n<p><\/p>\n\n\n\n<p><\/p>\n\n\n\n<p>&#8220;Este mes represent\u00f3 la ca\u00edda m\u00e1s importante en\nt\u00e9rminos porcentuales (-5,6%) de todo el a\u00f1o m\u00f3vil, seguido por septiembre de\n2018 (-5,5%) y por enero de 2019 (-5,1%)&#8221;, indic\u00f3 Fundelec. Seg\u00fan el\ndocumento, &#8220;febrero tuvo el consumo m\u00e1s bajo en t\u00e9rminos nominales desde\n2015&#8221;, algo que &#8220;sigue la tendencia recesiva de los \u00faltimos cuatro meses\nde 2018 y de enero pasado&#8221;.<\/p>\n\n\n\n<p>El consumo de la Ciudad de Buenos Aires y el Conurbano\nbonaerense mostr\u00f3 bajas, tanto en Edesur (4,4%) como en Edenor (6,1%), al igual\nque en el resto del pa\u00eds (6,2%). As\u00ed surge de los datos provisorios de la\nCompa\u00f1\u00eda Administradora del Mercado Mayorista El\u00e9ctrico (Cammesa), indic\u00f3\nFundelec. La demanda neta total del Mercado El\u00e9ctrico Mayorista (MEM) fue de\n10.702,5 GWh.<\/p>\n","protected":false},"excerpt":{"rendered":"<p>La demanda de energ\u00eda el\u00e9ctrica cay\u00f3 5,6% interanual en febrero y se registr\u00f3 as\u00ed el consumo m\u00e1s bajo desde 2015, seg\u00fan inform\u00f3 ayer la Fundaci\u00f3n Para el Desarrollo El\u00e9ctrico (Fundelec). La merma del consumo se present\u00f3 en los usuarios residenciales, comerciales e industriales de todo el pa\u00eds y fue debido, principalmente, a las bajas temperaturas registradas durante el mes &#8220;Este mes represent\u00f3 la ca\u00edda m\u00e1s importante en t\u00e9rminos porcentuales (-5,6%) de todo el a\u00f1o m\u00f3vil, seguido por septiembre de 2018 (-5,5%) y por enero de 2019 (-5,1%)&#8221;, indic\u00f3 Fundelec. Seg\u00fan&#8230;<\/p>\n","protected":false},"author":3,"featured_media":42210,"comment_status":"closed","ping_status":"closed","sticky":false,"template":"","format":"standard","meta":[],"categories":[2],"tags":[],"_links":{"self":[{"href":"https:\/\/www.actualidadadiario.com\/index.php\/wp-json\/wp\/v2\/posts\/42209"}],"collection":[{"href":"https:\/\/www.actualidadadiario.com\/index.php\/wp-json\/wp\/v2\/posts"}],"about":[{"href":"https:\/\/www.actualidadadiario.com\/index.php\/wp-json\/wp\/v2\/types\/post"}],"author":[{"embeddable":true,"href":"https:\/\/www.actualidadadiario.com\/index.php\/wp-json\/wp\/v2\/users\/3"}],"replies":[{"embeddable":true,"href":"https:\/\/www.actualidadadiario.com\/index.php\/wp-json\/wp\/v2\/comments?post=42209"}],"version-history":[{"count":1,"href":"https:\/\/www.actualidadadiario.com\/index.php\/wp-json\/wp\/v2\/posts\/42209\/revisions"}],"predecessor-version":[{"id":42211,"href":"https:\/\/www.actualidadadiario.com\/index.php\/wp-json\/wp\/v2\/posts\/42209\/revisions\/42211"}],"wp:featuredmedia":[{"embeddable":true,"href":"https:\/\/www.actualidadadiario.com\/index.php\/wp-json\/wp\/v2\/media\/42210"}],"wp:attachment":[{"href":"https:\/\/www.actualidadadiario.com\/index.php\/wp-json\/wp\/v2\/media?parent=42209"}],"wp:term":[{"taxonomy":"category","embeddable":true,"href":"https:\/\/www.actualidadadiario.com\/index.php\/wp-json\/wp\/v2\/categories?post=42209"},{"taxonomy":"post_tag","embeddable":true,"href":"https:\/\/www.actualidadadiario.com\/index.php\/wp-json\/wp\/v2\/tags?post=42209"}],"curies":[{"name":"wp","href":"https:\/\/api.w.org\/{rel}","templated":true}]}}