{"id":42206,"date":"2019-03-21T09:46:22","date_gmt":"2019-03-21T12:46:22","guid":{"rendered":"https:\/\/www.actualidadadiario.com\/?p=42206"},"modified":"2019-05-06T20:50:23","modified_gmt":"2019-05-06T23:50:23","slug":"sesiona-este-jueves-el-congreso-de-agmer","status":"publish","type":"post","link":"https:\/\/www.actualidadadiario.com\/index.php\/2019\/03\/21\/sesiona-este-jueves-el-congreso-de-agmer\/","title":{"rendered":"Sesiona este jueves el Congreso de Agmer"},"content":{"rendered":"\n<p><strong><em>Se espera que el gremio eval\u00fae en el Congreso de este jueves la \u00faltima oferta salarial del gobierno, conocida el lunes. Se realiza en Chajar\u00ed a partir de las 9<\/em><\/strong><\/p>\n\n\n\n<p><\/p>\n\n\n\n<p><\/p>\n\n\n\n<p>La Comisi\u00f3n Directiva Central de la Asociaci\u00f3n Gremial del\nMagisterio de Entre R\u00edos (Agmer), convoc\u00f3 a la 3\u00aa sesi\u00f3n del CLXXXVI Congreso\nExtraordinario para el este jueves, en el Sal\u00f3n \u201cClub Santa Rosa\u201d, ubicado en\ncalle Avenida 9 de Julio y Baloni de Chajar\u00ed, a partir de las 9, para dar\ntratamiento al temario.<\/p>\n","protected":false},"excerpt":{"rendered":"<p>Se espera que el gremio eval\u00fae en el Congreso de este jueves la \u00faltima oferta salarial del gobierno, conocida el lunes. Se realiza en Chajar\u00ed a partir de las 9 La Comisi\u00f3n Directiva Central de la Asociaci\u00f3n Gremial del Magisterio de Entre R\u00edos (Agmer), convoc\u00f3 a la 3\u00aa sesi\u00f3n del CLXXXVI Congreso Extraordinario para el este jueves, en el Sal\u00f3n \u201cClub Santa Rosa\u201d, ubicado en calle Avenida 9 de Julio y Baloni de Chajar\u00ed, a partir de las 9, para dar tratamiento al temario.<\/p>\n","protected":false},"author":3,"featured_media":42207,"comment_status":"closed","ping_status":"closed","sticky":false,"template":"","format":"standard","meta":[],"categories":[15],"tags":[],"_links":{"self":[{"href":"https:\/\/www.actualidadadiario.com\/index.php\/wp-json\/wp\/v2\/posts\/42206"}],"collection":[{"href":"https:\/\/www.actualidadadiario.com\/index.php\/wp-json\/wp\/v2\/posts"}],"about":[{"href":"https:\/\/www.actualidadadiario.com\/index.php\/wp-json\/wp\/v2\/types\/post"}],"author":[{"embeddable":true,"href":"https:\/\/www.actualidadadiario.com\/index.php\/wp-json\/wp\/v2\/users\/3"}],"replies":[{"embeddable":true,"href":"https:\/\/www.actualidadadiario.com\/index.php\/wp-json\/wp\/v2\/comments?post=42206"}],"version-history":[{"count":1,"href":"https:\/\/www.actualidadadiario.com\/index.php\/wp-json\/wp\/v2\/posts\/42206\/revisions"}],"predecessor-version":[{"id":42208,"href":"https:\/\/www.actualidadadiario.com\/index.php\/wp-json\/wp\/v2\/posts\/42206\/revisions\/42208"}],"wp:featuredmedia":[{"embeddable":true,"href":"https:\/\/www.actualidadadiario.com\/index.php\/wp-json\/wp\/v2\/media\/42207"}],"wp:attachment":[{"href":"https:\/\/www.actualidadadiario.com\/index.php\/wp-json\/wp\/v2\/media?parent=42206"}],"wp:term":[{"taxonomy":"category","embeddable":true,"href":"https:\/\/www.actualidadadiario.com\/index.php\/wp-json\/wp\/v2\/categories?post=42206"},{"taxonomy":"post_tag","embeddable":true,"href":"https:\/\/www.actualidadadiario.com\/index.php\/wp-json\/wp\/v2\/tags?post=42206"}],"curies":[{"name":"wp","href":"https:\/\/api.w.org\/{rel}","templated":true}]}}