{"id":42200,"date":"2019-03-21T09:45:03","date_gmt":"2019-03-21T12:45:03","guid":{"rendered":"https:\/\/www.actualidadadiario.com\/?p=42200"},"modified":"2019-05-06T20:54:12","modified_gmt":"2019-05-06T23:54:12","slug":"encuentro-de-supervisores-de-nivel-primario-y-de-educacion-especial-en-el-cge","status":"publish","type":"post","link":"https:\/\/www.actualidadadiario.com\/index.php\/2019\/03\/21\/encuentro-de-supervisores-de-nivel-primario-y-de-educacion-especial-en-el-cge\/","title":{"rendered":"Encuentro de supervisores de Nivel Primario y de Educaci\u00f3n Especial en el CGE"},"content":{"rendered":"\n<p><strong><em>M\u00e1s de 120 supervisores de zona del nivel primario y de la modalidad de educaci\u00f3n especial de gesti\u00f3n p\u00fablica y privada de la provincia participaron del primer encuentro realizado en el Consejo General de Educaci\u00f3n (CGE)<\/em><\/strong><\/p>\n\n\n\n<p><\/p>\n\n\n\n<p><\/p>\n\n\n\n<p>El objetivo del encuentro fue dialogar sobre los\nlineamientos de trabajo en relaci\u00f3n al nuevo sistema de evaluaci\u00f3n y\ncalificaci\u00f3n para el Nivel Primario aprobado por el CGE, mediante Resoluci\u00f3n N\u00ba\n920\/19 CGE. El encuentro estuvo organizado por el CGE a trav\u00e9s de las direcciones\nde Educaci\u00f3n Primaria, Especial y de Gesti\u00f3n Privada.<\/p>\n\n\n\n<p>Del acto de apertura particip\u00f3 la presidenta del CGE, Marta\nIraz\u00e1bal de Land\u00f3, quien estuvo acompa\u00f1ada por la vocal del organismo\neducativo, Rita Nievas; la directora de Educaci\u00f3n Primaria, Rosana Castro; la\ndirectora de Educaci\u00f3n Especial, Viviana Rodr\u00edguez; y el sub director de Educaci\u00f3n\nPrimaria, Ra\u00fal Mend\u00e9z .<\/p>\n\n\n\n<p>Rosana Castro describi\u00f3 el encuentro como \u201cun d\u00eda hist\u00f3rico\nporque nos encontramos con los supervisores de la Direcci\u00f3n de Educaci\u00f3n Privada\ny de Especial juntos, siempre hemos trabajado de manera coordinada a nivel\ndirecci\u00f3n pero nunca lo hab\u00edamos plasmado en un encuentro en donde las tres\ndirecciones y supervisores tengan una mirada com\u00fan a las propuestas que\nnosotros hoy traemos\u201d.<\/p>\n\n\n\n<p>Adem\u00e1s, \u201choy nos atraviesa la nueva resoluci\u00f3n de\nevaluaci\u00f3n, que es la Resoluci\u00f3n 920\/19 CGE, el eje del encuentro se centraliza\nen esa tem\u00e1tica, tambi\u00e9n en la trayectoria escolar en los nuevos formatos de\nescuela vigente que tenemos en nuestras instituciones educativas\u201d, se\u00f1al\u00f3 la directora\nde Educaci\u00f3n Primaria.<\/p>\n\n\n\n<p>Por su parte, la directora de Educaci\u00f3n Especial, Viviana\nRodr\u00edguez, destac\u00f3 la importancia del encuentro: &#8220;Esta norma representa el\ncorolario de un trabajo articulado entre las tres direcciones que se viene\nhaciendo desde hace varios a\u00f1os atr\u00e1s y que ha tenido el acompa\u00f1amiento de la\npresidenta del Consejo General de Educaci\u00f3n, Marta Land\u00f3, y del equipo de\nvocales. Se trata de una construcci\u00f3n colectiva que hoy se hace afectiva en una\nnorma traduciendo aspectos de la din\u00e1mica escolar y de las trayectorias escolares\nque se ven\u00edan demandando desde las escuelas y por parte de los supervisores de\naspectos que ya era extempor\u00e1neos a la resoluci\u00f3n 2421\/09 y que era m\u00e1s que\nnecesario encuadrar en nuevos paradigmas y concepciones sobre la evaluaci\u00f3n de\ntrayectorias escolares y particularmente la inclusi\u00f3n de personas con\ndiscapacidad en la escolaridad primaria\u201d.<\/p>\n\n\n\n<p>Sobre el encuentro, Castro indic\u00f3 que \u201ces un trabajo que\nvamos a sostener durante todo el a\u00f1o, este es el primer encuentro de varios que\ntendremos, en el marco de un trayecto formativo para supervisores. Tambi\u00e9n hoy\npresentamos el aula virtual que vamos a compartir entre los supervisores de las\ntres direcciones para que el di\u00e1logo sea continuo y a diario\u201d, asever\u00f3 la\nfuncionaria del CGE.<\/p>\n\n\n\n<p><strong>Participaci\u00f3n de la\nAsociaci\u00f3n de Dislexia<\/strong><\/p>\n\n\n\n<p>En el marco del encuentro, participaron integrantes de la\nAsociaci\u00f3n de Dislexia \u201cLos sue\u00f1os no se leen\u2026\u201d. Las funcionarias del CGE\ndecidieron \u201cabrir esta jornada con supervisores para que pudieran transmitir en\nun espacio, l\u00edneas significativas sobre la importancia del trabajo escolar\nrespetando los distintos modos de aprender de los alumnos y algunas\ndificultades espec\u00edficas como la dislexia\u201d.<\/p>\n\n\n\n<p>Asimismo, destacaron \u201cla importancia de poder establecer\nlazos con asociaciones intermedias como esta asociaci\u00f3n, que nos involucra y\ncompromete en ampliar la mirada docente respecto a la diversidad con la que se\ntrabaja cotidianamente en la escuela e ir generando estrategias para la mejora\nde las propuestas escolares.\u201d<\/p>\n","protected":false},"excerpt":{"rendered":"<p>M\u00e1s de 120 supervisores de zona del nivel primario y de la modalidad de educaci\u00f3n especial de gesti\u00f3n p\u00fablica y privada de la provincia participaron del primer encuentro realizado en el Consejo General de Educaci\u00f3n (CGE) El objetivo del encuentro fue dialogar sobre los lineamientos de trabajo en relaci\u00f3n al nuevo sistema de evaluaci\u00f3n y calificaci\u00f3n para el Nivel Primario aprobado por el CGE, mediante Resoluci\u00f3n N\u00ba 920\/19 CGE. El encuentro estuvo organizado por el CGE a trav\u00e9s de las direcciones de Educaci\u00f3n Primaria, Especial y de Gesti\u00f3n Privada. Del&#8230;<\/p>\n","protected":false},"author":3,"featured_media":42201,"comment_status":"closed","ping_status":"closed","sticky":false,"template":"","format":"standard","meta":[],"categories":[15],"tags":[],"_links":{"self":[{"href":"https:\/\/www.actualidadadiario.com\/index.php\/wp-json\/wp\/v2\/posts\/42200"}],"collection":[{"href":"https:\/\/www.actualidadadiario.com\/index.php\/wp-json\/wp\/v2\/posts"}],"about":[{"href":"https:\/\/www.actualidadadiario.com\/index.php\/wp-json\/wp\/v2\/types\/post"}],"author":[{"embeddable":true,"href":"https:\/\/www.actualidadadiario.com\/index.php\/wp-json\/wp\/v2\/users\/3"}],"replies":[{"embeddable":true,"href":"https:\/\/www.actualidadadiario.com\/index.php\/wp-json\/wp\/v2\/comments?post=42200"}],"version-history":[{"count":1,"href":"https:\/\/www.actualidadadiario.com\/index.php\/wp-json\/wp\/v2\/posts\/42200\/revisions"}],"predecessor-version":[{"id":42202,"href":"https:\/\/www.actualidadadiario.com\/index.php\/wp-json\/wp\/v2\/posts\/42200\/revisions\/42202"}],"wp:featuredmedia":[{"embeddable":true,"href":"https:\/\/www.actualidadadiario.com\/index.php\/wp-json\/wp\/v2\/media\/42201"}],"wp:attachment":[{"href":"https:\/\/www.actualidadadiario.com\/index.php\/wp-json\/wp\/v2\/media?parent=42200"}],"wp:term":[{"taxonomy":"category","embeddable":true,"href":"https:\/\/www.actualidadadiario.com\/index.php\/wp-json\/wp\/v2\/categories?post=42200"},{"taxonomy":"post_tag","embeddable":true,"href":"https:\/\/www.actualidadadiario.com\/index.php\/wp-json\/wp\/v2\/tags?post=42200"}],"curies":[{"name":"wp","href":"https:\/\/api.w.org\/{rel}","templated":true}]}}