{"id":42197,"date":"2019-03-21T09:44:24","date_gmt":"2019-03-21T12:44:24","guid":{"rendered":"https:\/\/www.actualidadadiario.com\/?p=42197"},"modified":"2019-05-06T20:51:33","modified_gmt":"2019-05-06T23:51:33","slug":"notifican-a-las-personas-que-fueron-designadas-como-presidentes-de-mesa","status":"publish","type":"post","link":"https:\/\/www.actualidadadiario.com\/index.php\/2019\/03\/21\/notifican-a-las-personas-que-fueron-designadas-como-presidentes-de-mesa\/","title":{"rendered":"Notifican a las personas que fueron designadas como presidentes de mesa"},"content":{"rendered":"\n<p><strong><em>Desde el Tribunal Electoral de Entre R\u00edos informaron que ya se designaron a las autoridades de mesas y oportunamente se ir\u00e1n notificando<\/em><\/strong><\/p>\n\n\n\n<p><\/p>\n\n\n\n<p><\/p>\n\n\n\n<p>De cara las elecciones de las elecciones Primarias Abiertas\nSimult\u00e1neas y Obligatorias (PASO) del domingo 14 de abril en la provincia,\ndesde el Tribunal Electoral de Entre R\u00edos se inform\u00f3 cu\u00e1ndo se notificar\u00e1 a las\nautoridades de mesa sobre sus designaciones y en qu\u00e9 momento se les brindar\u00e1n\nlas capacitaciones correspondientes.<\/p>\n\n\n\n<p>\u201cYa se designaron a las autoridades de mesas y\noportunamente, vamos a librar las comunicaciones para que sean notificadas\naquellas personas que fueron designadas como presidentes de mesas y delegados\nelectorales\u201d, confirm\u00f3 el secretario general del Tribunal Electoral de la\nProvincia de Entre R\u00edos, Agust\u00edn Gonz\u00e1lez.<\/p>\n\n\n\n<p>Respecto de las designaciones, Gonz\u00e1lez coment\u00f3 que se trata\nde \u201cun sistema aleatorio, porque los cortes de las mesas y las ubicaciones se\nrealizan para cada elecci\u00f3n en particular\u201d.<\/p>\n\n\n\n<p>\u201cEl Tribunal, en conjunto con la Secretar\u00eda Electoral\nNacional, desarrollar\u00e1 un programa de capacitaci\u00f3n destinado a quienes van a\nejercer como capacitadores en las diferentes jurisdicciones de la provincia, y\ncitando a las autoridades de mesa para que desarrollen esas capacitaciones\nentre el 1\u00ba y el 13 de abril\u201d, revel\u00f3 al respecto.<\/p>\n\n\n\n<p>Al tiempo que aclar\u00f3 que \u201cen la misma comunicaci\u00f3n de\ndesignaci\u00f3n para ser autoridad de mesa, se les informa cu\u00e1l ser\u00e1 la escuela, la\nmesa, las obligaciones que les corresponden y el monto que se les abonar\u00e1\noportunamente en concepto de vi\u00e1tico y el adicional por haberse presentado a\nrealizar las capacitaciones pertinentes\u201d.<\/p>\n\n\n\n<p><strong>C\u00f3mo justificar el no\nvoto<\/strong><\/p>\n\n\n\n<p>\u201cLa prueba para los eximentes por no haberse presentado a\nvotar tienen que pre constituirse en el d\u00eda de la elecci\u00f3n; esa justificaci\u00f3n\ndel no voto puede obedecer a cualquiera de las causales establecidas por ley y\ntienen que valerse de la prueba por escrito ese mismo d\u00eda. Despu\u00e9s, para\npresentarla cuentan con hasta 60 d\u00edas posteriores a la elecci\u00f3n para la\neximici\u00f3n de las penalidades\u201d, record\u00f3 Gonz\u00e1lez.<\/p>\n\n\n\n<p>Finalmente, reiter\u00f3 que los menores de 16 a\u00f1os que cumplen\nsus a\u00f1os antes del d\u00eda de la elecci\u00f3n est\u00e1n en condiciones de sufragar.<\/p>\n\n\n\n<p>\u201cEl padr\u00f3n provisorio fue dado a conocer en diciembre con\nlas posibilidades de realizar los reclamos pertinentes, y ya contemplaba a\ntodos aquellos ciudadanos que cumplen 16 a\u00f1os hasta el d\u00eda de la elecci\u00f3n\u201d,\nsubray\u00f3 el funcionario electoral.<\/p>\n","protected":false},"excerpt":{"rendered":"<p>Desde el Tribunal Electoral de Entre R\u00edos informaron que ya se designaron a las autoridades de mesas y oportunamente se ir\u00e1n notificando De cara las elecciones de las elecciones Primarias Abiertas Simult\u00e1neas y Obligatorias (PASO) del domingo 14 de abril en la provincia, desde el Tribunal Electoral de Entre R\u00edos se inform\u00f3 cu\u00e1ndo se notificar\u00e1 a las autoridades de mesa sobre sus designaciones y en qu\u00e9 momento se les brindar\u00e1n las capacitaciones correspondientes. \u201cYa se designaron a las autoridades de mesas y oportunamente, vamos a librar las comunicaciones para que&#8230;<\/p>\n","protected":false},"author":3,"featured_media":42198,"comment_status":"closed","ping_status":"closed","sticky":false,"template":"","format":"standard","meta":[],"categories":[15],"tags":[],"_links":{"self":[{"href":"https:\/\/www.actualidadadiario.com\/index.php\/wp-json\/wp\/v2\/posts\/42197"}],"collection":[{"href":"https:\/\/www.actualidadadiario.com\/index.php\/wp-json\/wp\/v2\/posts"}],"about":[{"href":"https:\/\/www.actualidadadiario.com\/index.php\/wp-json\/wp\/v2\/types\/post"}],"author":[{"embeddable":true,"href":"https:\/\/www.actualidadadiario.com\/index.php\/wp-json\/wp\/v2\/users\/3"}],"replies":[{"embeddable":true,"href":"https:\/\/www.actualidadadiario.com\/index.php\/wp-json\/wp\/v2\/comments?post=42197"}],"version-history":[{"count":1,"href":"https:\/\/www.actualidadadiario.com\/index.php\/wp-json\/wp\/v2\/posts\/42197\/revisions"}],"predecessor-version":[{"id":42199,"href":"https:\/\/www.actualidadadiario.com\/index.php\/wp-json\/wp\/v2\/posts\/42197\/revisions\/42199"}],"wp:featuredmedia":[{"embeddable":true,"href":"https:\/\/www.actualidadadiario.com\/index.php\/wp-json\/wp\/v2\/media\/42198"}],"wp:attachment":[{"href":"https:\/\/www.actualidadadiario.com\/index.php\/wp-json\/wp\/v2\/media?parent=42197"}],"wp:term":[{"taxonomy":"category","embeddable":true,"href":"https:\/\/www.actualidadadiario.com\/index.php\/wp-json\/wp\/v2\/categories?post=42197"},{"taxonomy":"post_tag","embeddable":true,"href":"https:\/\/www.actualidadadiario.com\/index.php\/wp-json\/wp\/v2\/tags?post=42197"}],"curies":[{"name":"wp","href":"https:\/\/api.w.org\/{rel}","templated":true}]}}