{"id":42194,"date":"2019-03-21T09:43:45","date_gmt":"2019-03-21T12:43:45","guid":{"rendered":"https:\/\/www.actualidadadiario.com\/?p=42194"},"modified":"2019-05-06T20:53:58","modified_gmt":"2019-05-06T23:53:58","slug":"femicidio-de-gisela-lopez-el-stj-confirmo-la-absolucion-de-los-imputados","status":"publish","type":"post","link":"https:\/\/www.actualidadadiario.com\/index.php\/2019\/03\/21\/femicidio-de-gisela-lopez-el-stj-confirmo-la-absolucion-de-los-imputados\/","title":{"rendered":"Femicidio de Gisela L\u00f3pez: El STJ confirm\u00f3 la absoluci\u00f3n de los imputados"},"content":{"rendered":"\n<p><strong><em>La Sala N\u00ba 1 del Superior Tribunal de Justicia (STJ) revoc\u00f3 la sentencia de Casaci\u00f3n Penal y confirm\u00f3 el fallo del Tribunal de Juicios. De este modo, se descarta la realizaci\u00f3n de un nuevo juicio y se confirma la absoluci\u00f3n de los imputados<\/em><\/strong><\/p>\n\n\n\n<p><\/p>\n\n\n\n<p><\/p>\n\n\n\n<p>La resoluci\u00f3n judicial fue dada a conocer durante el\nmediod\u00eda de este mi\u00e9rcoles, luego de la audiencia realizada en el sal\u00f3n \u201cDra.\nMar\u00eda Oyhamp\u00e9\u201d, ubicado en el primer piso de los Tribunales de Paran\u00e1.<\/p>\n\n\n\n<p>La resoluci\u00f3n la tom\u00f3 la Sala de Procedimientos\nConstitucionales y Penal del STJ, presidida por Daniel Carubia e integrada\nadem\u00e1s por los vocales Claudia Mizawak y Miguel \u00c1ngel Giorgio.<\/p>\n\n\n\n<p>La Sala resolvi\u00f3 hacer lugar por mayor\u00eda a la impugnaci\u00f3n\nextraordinaria deducida por el doctor Roberto Fabi\u00e1n Alsina en su rol de&nbsp; Defensor T\u00e9cnico de los imputados Mario\nAndr\u00e9s Saucedo, Elvio Andr\u00e9s Saucedo y Mat\u00edas Alejandro Vega, contra la\nsentencia de la Sala N\u00ba 1 de la C\u00e1mara de Casaci\u00f3n Penal de Paran\u00e1, la que se revoc\u00f3\n\u00edntegramente y, en consecuencia, confirm\u00f3 la sentencia dictada por el Tribunal\nde Juicios y Apelaciones del pasado 16 de mayo de 2017.<\/p>\n\n\n\n<p>Con la medida conocida hoy se confirma la absoluci\u00f3n de los\nimputados en el caso caratulado (\u201cSaucedo, Mario Andr\u00e9s y otros-Homicidio\nAgravado (en perjuicio de Gisela Alejandra L\u00f3pez)-Altamirano, Roc\u00edo Marlene\ns\/Encubrimiento Calificado s\/Impugnaci\u00f3n Extraordinaria\u201d).<\/p>\n\n\n\n<p>Cabe recordar que L\u00f3pez fue vista por \u00faltima vez el 22 de\nabril de 2016 y su cuerpo sin vida fue encontrado tras 18 d\u00edas de b\u00fasqueda en\nuna zona conocida como El Bajo, en la ciudad de Santa Elena. Las pericias\nm\u00e9dicas constataron que la joven fue violada y asesinada.<\/p>\n","protected":false},"excerpt":{"rendered":"<p>La Sala N\u00ba 1 del Superior Tribunal de Justicia (STJ) revoc\u00f3 la sentencia de Casaci\u00f3n Penal y confirm\u00f3 el fallo del Tribunal de Juicios. De este modo, se descarta la realizaci\u00f3n de un nuevo juicio y se confirma la absoluci\u00f3n de los imputados La resoluci\u00f3n judicial fue dada a conocer durante el mediod\u00eda de este mi\u00e9rcoles, luego de la audiencia realizada en el sal\u00f3n \u201cDra. Mar\u00eda Oyhamp\u00e9\u201d, ubicado en el primer piso de los Tribunales de Paran\u00e1. La resoluci\u00f3n la tom\u00f3 la Sala de Procedimientos Constitucionales y Penal del STJ,&#8230;<\/p>\n","protected":false},"author":3,"featured_media":42195,"comment_status":"closed","ping_status":"closed","sticky":false,"template":"","format":"standard","meta":[],"categories":[15],"tags":[],"_links":{"self":[{"href":"https:\/\/www.actualidadadiario.com\/index.php\/wp-json\/wp\/v2\/posts\/42194"}],"collection":[{"href":"https:\/\/www.actualidadadiario.com\/index.php\/wp-json\/wp\/v2\/posts"}],"about":[{"href":"https:\/\/www.actualidadadiario.com\/index.php\/wp-json\/wp\/v2\/types\/post"}],"author":[{"embeddable":true,"href":"https:\/\/www.actualidadadiario.com\/index.php\/wp-json\/wp\/v2\/users\/3"}],"replies":[{"embeddable":true,"href":"https:\/\/www.actualidadadiario.com\/index.php\/wp-json\/wp\/v2\/comments?post=42194"}],"version-history":[{"count":1,"href":"https:\/\/www.actualidadadiario.com\/index.php\/wp-json\/wp\/v2\/posts\/42194\/revisions"}],"predecessor-version":[{"id":42196,"href":"https:\/\/www.actualidadadiario.com\/index.php\/wp-json\/wp\/v2\/posts\/42194\/revisions\/42196"}],"wp:featuredmedia":[{"embeddable":true,"href":"https:\/\/www.actualidadadiario.com\/index.php\/wp-json\/wp\/v2\/media\/42195"}],"wp:attachment":[{"href":"https:\/\/www.actualidadadiario.com\/index.php\/wp-json\/wp\/v2\/media?parent=42194"}],"wp:term":[{"taxonomy":"category","embeddable":true,"href":"https:\/\/www.actualidadadiario.com\/index.php\/wp-json\/wp\/v2\/categories?post=42194"},{"taxonomy":"post_tag","embeddable":true,"href":"https:\/\/www.actualidadadiario.com\/index.php\/wp-json\/wp\/v2\/tags?post=42194"}],"curies":[{"name":"wp","href":"https:\/\/api.w.org\/{rel}","templated":true}]}}