{"id":42188,"date":"2019-03-21T09:42:16","date_gmt":"2019-03-21T12:42:16","guid":{"rendered":"https:\/\/www.actualidadadiario.com\/?p=42188"},"modified":"2019-05-06T20:53:51","modified_gmt":"2019-05-06T23:53:51","slug":"fumigaciones-el-campo-defiende-en-tribunales-el-decreto-provincial-cuestionado-por-ambientalistas","status":"publish","type":"post","link":"https:\/\/www.actualidadadiario.com\/index.php\/2019\/03\/21\/fumigaciones-el-campo-defiende-en-tribunales-el-decreto-provincial-cuestionado-por-ambientalistas\/","title":{"rendered":"Fumigaciones: El campo defiende en tribunales el decreto provincial cuestionado por ambientalistas"},"content":{"rendered":"\n<p><strong><em>La Mesa de Enlace de Entre R\u00edos, la Bolsa de Cereales de esta provincia y el centro de acopiadores que agrupa a los actores de este sector se presentaron ante los tribunales de Paran\u00e1 y pidieron que se desestime un amparo que hab\u00edan impulsado un grupo de ambientalistas y la Asociaci\u00f3n Gremial del Magisterio de Entre R\u00edos (Agmer) contra un decreto reglamentario sobre las aplicaciones de agroqu\u00edmicos<\/em><\/strong><\/p>\n\n\n\n<p><\/p>\n\n\n\n<p><\/p>\n\n\n\n<p>El a\u00f1o pasado, tras un reclamo de esos grupos, un fallo\njudicial prohibi\u00f3 las aplicaciones a menos de 1000 y 3000 metros, terrestres y\na\u00e9reas, de escuelas rurales. En octubre \u00faltimo la Sala de Procedimientos\nConstitucionales del Superior Tribunal de Justicia (STJ) de Entre R\u00edos, en voto\ndividido, confirm\u00f3 una sentencia de la C\u00e1mara Civil, Sala Segunda, que hab\u00eda\nprohibido aplicar fitosanitarios alrededor de todas las escuelas rurales de la\nprovincia.<\/p>\n\n\n\n<p>Enseguida, los productores argumentaron que as\u00ed saldr\u00edan de\nla producci\u00f3n unas 300.000 hect\u00e1reas, algo equivalente a todo lo que all\u00ed se\nsiembra de trigo. Los productores pidieron la intervenci\u00f3n del gobernador\nGustavo Bordet, que v\u00eda un decreto estableci\u00f3 las distancias en 100 y 500\nmetros, respectivamente.<\/p>\n\n\n\n<p>Antes, la provincia hab\u00eda recurrido a un recurso\nextraordinario federal (REF) en la Corte Suprema de Justicia de la Naci\u00f3n,\nargumentando que la medida inicial afectaba derechos de los productores y que\nunos 45.000 de ellos no hab\u00edan sido parte del proceso.<\/p>\n\n\n\n<p>El 4 de febrero \u00faltimo, nuevamente ambientalistas y docentes\npresentaron un amparo para que se declare la nulidad del decreto de Bordet.<\/p>\n\n\n\n<p>Seg\u00fan fuentes de la Mesa de Enlace de Entre R\u00edos, como esta\nsemana se venc\u00edan los plazos judiciales los ruralistas decidieron pedir ante la\nJusticia provincial que se desestime el amparo, seg\u00fan inform\u00f3 Walter Feldkamp,\ndirector de la Sociedad Rural Argentina (SRA) en Entre R\u00edos.<\/p>\n","protected":false},"excerpt":{"rendered":"<p>La Mesa de Enlace de Entre R\u00edos, la Bolsa de Cereales de esta provincia y el centro de acopiadores que agrupa a los actores de este sector se presentaron ante los tribunales de Paran\u00e1 y pidieron que se desestime un amparo que hab\u00edan impulsado un grupo de ambientalistas y la Asociaci\u00f3n Gremial del Magisterio de Entre R\u00edos (Agmer) contra un decreto reglamentario sobre las aplicaciones de agroqu\u00edmicos El a\u00f1o pasado, tras un reclamo de esos grupos, un fallo judicial prohibi\u00f3 las aplicaciones a menos de 1000 y 3000 metros, terrestres&#8230;<\/p>\n","protected":false},"author":3,"featured_media":42189,"comment_status":"closed","ping_status":"closed","sticky":false,"template":"","format":"standard","meta":[],"categories":[15],"tags":[],"_links":{"self":[{"href":"https:\/\/www.actualidadadiario.com\/index.php\/wp-json\/wp\/v2\/posts\/42188"}],"collection":[{"href":"https:\/\/www.actualidadadiario.com\/index.php\/wp-json\/wp\/v2\/posts"}],"about":[{"href":"https:\/\/www.actualidadadiario.com\/index.php\/wp-json\/wp\/v2\/types\/post"}],"author":[{"embeddable":true,"href":"https:\/\/www.actualidadadiario.com\/index.php\/wp-json\/wp\/v2\/users\/3"}],"replies":[{"embeddable":true,"href":"https:\/\/www.actualidadadiario.com\/index.php\/wp-json\/wp\/v2\/comments?post=42188"}],"version-history":[{"count":1,"href":"https:\/\/www.actualidadadiario.com\/index.php\/wp-json\/wp\/v2\/posts\/42188\/revisions"}],"predecessor-version":[{"id":42190,"href":"https:\/\/www.actualidadadiario.com\/index.php\/wp-json\/wp\/v2\/posts\/42188\/revisions\/42190"}],"wp:featuredmedia":[{"embeddable":true,"href":"https:\/\/www.actualidadadiario.com\/index.php\/wp-json\/wp\/v2\/media\/42189"}],"wp:attachment":[{"href":"https:\/\/www.actualidadadiario.com\/index.php\/wp-json\/wp\/v2\/media?parent=42188"}],"wp:term":[{"taxonomy":"category","embeddable":true,"href":"https:\/\/www.actualidadadiario.com\/index.php\/wp-json\/wp\/v2\/categories?post=42188"},{"taxonomy":"post_tag","embeddable":true,"href":"https:\/\/www.actualidadadiario.com\/index.php\/wp-json\/wp\/v2\/tags?post=42188"}],"curies":[{"name":"wp","href":"https:\/\/api.w.org\/{rel}","templated":true}]}}