{"id":42185,"date":"2019-03-21T09:41:32","date_gmt":"2019-03-21T12:41:32","guid":{"rendered":"https:\/\/www.actualidadadiario.com\/?p=42185"},"modified":"2019-05-06T20:57:23","modified_gmt":"2019-05-06T23:57:23","slug":"de-tolerancia-y-compromiso-se-trata-la-democracia-afirmo-bordet","status":"publish","type":"post","link":"https:\/\/www.actualidadadiario.com\/index.php\/2019\/03\/21\/de-tolerancia-y-compromiso-se-trata-la-democracia-afirmo-bordet\/","title":{"rendered":"\u201cDe tolerancia y compromiso se trata la democracia\u201d, afirm\u00f3 Bordet"},"content":{"rendered":"\n<p><strong><em>\u201cPiense como se piense, es importante que las ideas se expresen porque de eso se trata la democracia, de tolerar a quien piensa diferente y tener ese compromiso por quien m\u00e1s lo necesita\u201d, sostuvo el gobernador Gustavo Bordet<\/em><\/strong><\/p>\n\n\n\n<p><\/p>\n\n\n\n<p>El mandatario recorri\u00f3 el departamento San Salvador y tomar\ncontacto con vecinos, trabajadores y estudiantes de la zona. All\u00ed, desarroll\u00f3\nuna intensa agenda en General Campos y la cabecera departamental, entregando\nuna ambulancia y aportes a entidades civiles, centros de estudiantes y clubes.\nJunto a la ministra de Desarrollo Social, Laura Stratta, tom\u00f3 contacto con\nemprendedores y artesanos, y con familias de la zona, y recorri\u00f3 obras viales\nde la planta urbana de San Salvador.<\/p>\n\n\n\n<p>\u201cEstamos cumpliendo los mandatos que nos confiri\u00f3 el pueblo\nentrerriano. No nos ha sido f\u00e1cil gestionar todo este tiempo, tuvimos muchas\ndificultades pero nunca nos quejamos, hicimos lo que correspond\u00eda\u201d, afirm\u00f3 el\nmandatario.<\/p>\n\n\n\n<p>En General Campos y San Salvador el mandatario ratific\u00f3 una\nmetodolog\u00eda de trabajo que \u201ctuvimos desde el primer d\u00eda de gesti\u00f3n donde\ntrabajamos codo a codo para poder cumplir con los objetivos\u201d.<\/p>\n\n\n\n<p>\u201cNuestra presencia en el norte entrerriano forma parte de\nuna agenda institucional que llevamos adelante durante todo el tiempo de\ngesti\u00f3n, porque las elecciones pasan y los problemas quedan y despu\u00e9s de los\ncomicios los intendentes seguir\u00e1n al frente de los municipios, el senador en la\nC\u00e1mara Alta y yo seguir\u00e9 en la gobernaci\u00f3n hasta cumplir los mandatos que nos\nconfiri\u00f3 el pueblo entrerriano. Hay que honrar ese trabajo todos los d\u00edas y\ncumplir con la palabra empe\u00f1ada, por eso estamos aqu\u00ed hoy&#8221;.<\/p>\n\n\n\n<p>Sostuvo que el desaf\u00edo que se presenta para el futuro es\n&#8220;poder seguir trabajando de la misma manera y ojal\u00e1, si as\u00ed lo deciden los\nentrerrianos, podamos seguir haci\u00e9ndolo junto al equipo local de gobierno\u201d.<\/p>\n\n\n\n<p>El gobernador dijo que San Salvador es un departamento\nejemplo en la provincia. &#8220;Es un departamento nuevo donde se trabaja\narticuladamente entre los dos intendentes cabeceras de departamento donde todos\nlos funcionarios tiran para el mismo lado, entonces la cosa se simplifica\nmuch\u00edsimo. Lo mismo pasa con las juntas de gobierno que est\u00e1n siempre con el\nsenador reclamando y gestionando&#8221;, afirm\u00f3.<\/p>\n\n\n\n<p>\u201cPorque este es el camino, de trabajar articuladamente, con\nobjetivos comunes y cumpliendo con la palabra que le dimos a los vecinos cuando\nnos eligieron para ocupar un cargo p\u00fablico&#8221;, concluy\u00f3 el mandatario.<\/p>\n\n\n\n<p>Respecto a los aportes dijo que est\u00e1n destinados a\n&#8220;instituciones que tienen mucho arraigo en la vida social, cultural de las\nciudades. Hay clubes que cumplen una funci\u00f3n social que ayudan al Estado pero\ntambi\u00e9n a las familias, a contener a nuestros chicos, a educarlos en el\ndeporte, a poder formar hombres y mujeres de bien en el futuro. Instituciones\nque cumplen tareas muy nobles como la de los bomberos voluntarios que\npermanentemente est\u00e1n colaborando con el vecino, desinteresadamente, ocupando\ntiempo y, a veces, recursos propios. Nosotros como Estado lo reconocemos y lo\nvaloramos mucho&#8221;, afirm\u00f3 Bordet. <\/p>\n\n\n\n<p><strong>J\u00f3venes comprometidos<\/strong><\/p>\n\n\n\n<p>P\u00e1rrafo aparte dedic\u00f3 Bordet a los j\u00f3venes de los centros de\nestudiantes de las escuelas N\u00ba 45 F\u00e9lix Meyer y N\u00ba 2 Francisco Ram\u00edrez que\nrecibieron aportes en el marco del programa Elegimos Participar que promueve el\ngobierno entrerriano.<\/p>\n\n\n\n<p>\u201cPoder compartir con los centros de estudiantes este\nprograma que se impulsa desde el Ministerio de Desarrollo Social significa\nreconocer a nuestros j\u00f3venes que se animan a participar, a comprometerse con la\ncomunidad educativa para llevar adelante tambi\u00e9n una tarea formativa, m\u00e1s all\u00e1\ndel estudio&#8221;.<\/p>\n\n\n\n<p>Y record\u00f3 que fue profesor durante 14 a\u00f1os en una escuela\np\u00fablica de Concordia: &#8220;He pasado las mejores ma\u00f1anas de mi vida dando\nclases porque haciendo el balance final, aprend\u00ed m\u00e1s de lo que ense\u00f1\u00e9. Lo que\nmis alumnos me ense\u00f1aron es algo que he incorporado en mi vida&#8221;.<\/p>\n\n\n\n<p>Y destac\u00f3 que &#8220;en Entre R\u00edos hay j\u00f3venes, estudiantes,\nque se comprometen con su comunidad educativa, con su provincia y, piensen como\npiensen, es importante que esas ideas se expresen porque de eso se trata la\ndemocracia, de tolerar a quien piensa diferente y tener ese compromiso por\nquien m\u00e1s lo necesita, sea la comunidad educativa o cualquier compa\u00f1ero o\nvecino&#8221;, sostuvo el mandatario.<\/p>\n\n\n\n<p><strong>Agradecimiento<\/strong><\/p>\n\n\n\n<p>Al hacer uso de la palabra, el intendente de General Campos,\nSergio Mart\u00ednez, dio la bienvenida a las autoridades y expres\u00f3 que &#8220;es un\nd\u00eda especial porque la ambulancia para nuestra localidad tiene suma\nimportancia&#8221;, puesto que es necesaria para los traslados. &#8220;Despu\u00e9s de\n16 a\u00f1os y tanto insistir el doctor Andini (director del hospital) cada vez que\nhab\u00eda una reuni\u00f3n por el tema salud en el objetivo de tener una ambulancia\nnueva, \u00e9sta que podemos ver realmente nos satisface y es un beneficio para toda\nla localidad&#8221;.<\/p>\n\n\n\n<p>&#8220;Quiero agradecer las gestiones del senador Larrarte\ncon quien trabajamos juntos para que esto se concrete. Hemos hecho muchas cosas\npor General Campos&#8221;, afirm\u00f3 el jefe comunal, quien finalmente agradeci\u00f3 al\ngobernador y a todos los funcionarios provinciales &#8220;por habernos atendido\nestos cuatro a\u00f1os&#8221; y por los aportes concretados en beneficio de esa\nlocalidad.<\/p>\n\n\n\n<p>Por su parte, el intendente de San Salvador, Marcelo\nBerthet, dijo que &#8220;es grato recibirlo gobernador y ver una sala repleto de\nj\u00f3venes porque representan nuestro futuro&#8221;. Tambi\u00e9n el trabajo articulado\ny los alcances de los programas. &#8220;Siempre en un marco de trabajo y\ngesti\u00f3n, no s\u00e9 si es la quinta o sexta vez que nos visita tray\u00e9ndonos aportes y\nsoluciones para San Salvador. Tenemos muchas obras de la provincia en San\nSalvador, y hacemos p\u00fablicamente nuestro agradecimiento&#8221;, insisti\u00f3.<\/p>\n\n\n\n<p>Junto a los intendentes de General Campos, Sergio Mart\u00ednez;\ny de San Salvador, Marcelo Berthet, y el senador Lucas Larrarte; el primer\nmandatario entrerriano entreg\u00f3 una nueva ambulancia para el hospital Mar\u00eda Eva\nDuarte de Per\u00f3n General Campos y aportes a bomberos e instituciones en ambas\nlocalidades por un total de 663.961 pesos. Tambi\u00e9n estuvieron presentes la\nministra de Desarrollo Social, Laura Stratta; la titular de Vialidad, Alicia\nFeltes; los secretarios de Ambiente, Mart\u00edn Barbieri; de Planeamiento, Marcelo\nRichard; y de Cultura y Turismo, Carolina Gaillard.<\/p>\n\n\n\n<p><strong>Entregas <\/strong><\/p>\n\n\n\n<p>En General Campos, Bordet entreg\u00f3 una ambulancia de baja\ncomplejidad a las autoridades del hospital Mar\u00eda Eva Duarte de Per\u00f3n. Adem\u00e1s en\nesa ciudad entreg\u00f3 aportes a bomberos, como as\u00ed tambi\u00e9n al centro de\nestudiantes de la escuela N\u00ba 155 de Colonia La Perla, en el marco del programa\nde Desarrollo Social denominado Elegimos participar. El objetivo de esa\niniciativa del gobierno entrerriano es fomentar la participaci\u00f3n pol\u00edtica de\nlos estudiantes secundarios y terciarios de la provincia organizados en sus\ncentros de estudiantes. <\/p>\n\n\n\n<p>En San Salvador la actividad se desarroll\u00f3 en la Sala San Mart\u00edn.\nAll\u00ed el gobernador Bordet entreg\u00f3 numerosos aportes, entre ellos a la\nMunicipalidad, a bomberos y a los clubes Uni\u00f3n y Fraternidad, Ferrocarril y\nProgreso Unidos. Tambi\u00e9n recorri\u00f3 obras.<\/p>\n","protected":false},"excerpt":{"rendered":"<p>\u201cPiense como se piense, es importante que las ideas se expresen porque de eso se trata la democracia, de tolerar a quien piensa diferente y tener ese compromiso por quien m\u00e1s lo necesita\u201d, sostuvo el gobernador Gustavo Bordet El mandatario recorri\u00f3 el departamento San Salvador y tomar contacto con vecinos, trabajadores y estudiantes de la zona. All\u00ed, desarroll\u00f3 una intensa agenda en General Campos y la cabecera departamental, entregando una ambulancia y aportes a entidades civiles, centros de estudiantes y clubes. Junto a la ministra de Desarrollo Social, Laura Stratta,&#8230;<\/p>\n","protected":false},"author":3,"featured_media":42186,"comment_status":"closed","ping_status":"closed","sticky":false,"template":"","format":"standard","meta":[],"categories":[9],"tags":[],"_links":{"self":[{"href":"https:\/\/www.actualidadadiario.com\/index.php\/wp-json\/wp\/v2\/posts\/42185"}],"collection":[{"href":"https:\/\/www.actualidadadiario.com\/index.php\/wp-json\/wp\/v2\/posts"}],"about":[{"href":"https:\/\/www.actualidadadiario.com\/index.php\/wp-json\/wp\/v2\/types\/post"}],"author":[{"embeddable":true,"href":"https:\/\/www.actualidadadiario.com\/index.php\/wp-json\/wp\/v2\/users\/3"}],"replies":[{"embeddable":true,"href":"https:\/\/www.actualidadadiario.com\/index.php\/wp-json\/wp\/v2\/comments?post=42185"}],"version-history":[{"count":1,"href":"https:\/\/www.actualidadadiario.com\/index.php\/wp-json\/wp\/v2\/posts\/42185\/revisions"}],"predecessor-version":[{"id":42187,"href":"https:\/\/www.actualidadadiario.com\/index.php\/wp-json\/wp\/v2\/posts\/42185\/revisions\/42187"}],"wp:featuredmedia":[{"embeddable":true,"href":"https:\/\/www.actualidadadiario.com\/index.php\/wp-json\/wp\/v2\/media\/42186"}],"wp:attachment":[{"href":"https:\/\/www.actualidadadiario.com\/index.php\/wp-json\/wp\/v2\/media?parent=42185"}],"wp:term":[{"taxonomy":"category","embeddable":true,"href":"https:\/\/www.actualidadadiario.com\/index.php\/wp-json\/wp\/v2\/categories?post=42185"},{"taxonomy":"post_tag","embeddable":true,"href":"https:\/\/www.actualidadadiario.com\/index.php\/wp-json\/wp\/v2\/tags?post=42185"}],"curies":[{"name":"wp","href":"https:\/\/api.w.org\/{rel}","templated":true}]}}