{"id":42182,"date":"2019-03-20T10:37:54","date_gmt":"2019-03-20T13:37:54","guid":{"rendered":"https:\/\/www.actualidadadiario.com\/?p=42182"},"modified":"2019-05-06T20:56:40","modified_gmt":"2019-05-06T23:56:40","slug":"bolivia-fija-elecciones-presidenciales-para-el-20-de-octubre","status":"publish","type":"post","link":"https:\/\/www.actualidadadiario.com\/index.php\/2019\/03\/20\/bolivia-fija-elecciones-presidenciales-para-el-20-de-octubre\/","title":{"rendered":"Bolivia fija elecciones presidenciales para el 20 de octubre"},"content":{"rendered":"\n<p><strong><em>El Tribunal Supremo Electoral de Bolivia inform\u00f3 el martes que las elecciones generales que estaban previstas para el 27 de octubre se adelantar\u00e1n una semana debido a que ese d\u00eda se realizar\u00e1n comicios electorales en Argentina y Uruguay<\/em><\/strong><\/p>\n\n\n\n<p><\/p>\n\n\n\n<p><\/p>\n\n\n\n<p>La presidenta del tribunal, Mar\u00eda Eugenia Choque, inform\u00f3 la\ndecisi\u00f3n al concluir un taller donde se reunieron todos sus miembros. A las\nelecciones asistir\u00e1n nueve binomios que se habilitaron en las elecciones\nprimarias a inicios de a\u00f1o. Entre ellos est\u00e1n el presidente Evo Morales y el\nvicepresidente \u00c1lvaro Garc\u00eda Linera, quienes han sido cuestionados por la\noposici\u00f3n por participar de una nueva reelecci\u00f3n siendo que la Constituci\u00f3n\nPol\u00edtica del Estado s\u00f3lo permite una sola. Morales gobierna Bolivia desde 2006.<\/p>\n\n\n\n<p>&#8220;Argentina y Uruguay tambi\u00e9n convocaron a elecciones y\nesto nos dificulta la organizaci\u00f3n t\u00e9cnica, log\u00edstica, por cuanto esto tiene\nque ver con recintos electorales, mesas electorales, guardias de seguridad del\nproceso electoral en esos pa\u00edses&#8221;, explic\u00f3 Choque.<\/p>\n\n\n\n<p>Esta decisi\u00f3n tambi\u00e9n coincide con el pedido del\nvicepresidente \u00c1lvaro Garc\u00eda de que se garantice el voto de los bolivianos en\nesos pa\u00edses.<\/p>\n\n\n\n<p>Morales esta vez no parte como favorito. En las elecciones\nprimarias &#8211;en las que solo \u00e9l y su vicepresidente participaron en su partido&#8211;\nobtuvieron 45%de apoyo. La oposici\u00f3n cuestiona la participaci\u00f3n de Morales ya\nque se habilit\u00f3 con un fallo del Tribunal Constitucional atribuyendo que es su\nderecho humano y no respet\u00f3 un referendo en el que se neg\u00f3 la posibilidad de\nser candidato.<\/p>\n","protected":false},"excerpt":{"rendered":"<p>El Tribunal Supremo Electoral de Bolivia inform\u00f3 el martes que las elecciones generales que estaban previstas para el 27 de octubre se adelantar\u00e1n una semana debido a que ese d\u00eda se realizar\u00e1n comicios electorales en Argentina y Uruguay La presidenta del tribunal, Mar\u00eda Eugenia Choque, inform\u00f3 la decisi\u00f3n al concluir un taller donde se reunieron todos sus miembros. A las elecciones asistir\u00e1n nueve binomios que se habilitaron en las elecciones primarias a inicios de a\u00f1o. Entre ellos est\u00e1n el presidente Evo Morales y el vicepresidente \u00c1lvaro Garc\u00eda Linera, quienes han&#8230;<\/p>\n","protected":false},"author":3,"featured_media":42183,"comment_status":"closed","ping_status":"closed","sticky":false,"template":"","format":"standard","meta":[],"categories":[4],"tags":[],"_links":{"self":[{"href":"https:\/\/www.actualidadadiario.com\/index.php\/wp-json\/wp\/v2\/posts\/42182"}],"collection":[{"href":"https:\/\/www.actualidadadiario.com\/index.php\/wp-json\/wp\/v2\/posts"}],"about":[{"href":"https:\/\/www.actualidadadiario.com\/index.php\/wp-json\/wp\/v2\/types\/post"}],"author":[{"embeddable":true,"href":"https:\/\/www.actualidadadiario.com\/index.php\/wp-json\/wp\/v2\/users\/3"}],"replies":[{"embeddable":true,"href":"https:\/\/www.actualidadadiario.com\/index.php\/wp-json\/wp\/v2\/comments?post=42182"}],"version-history":[{"count":1,"href":"https:\/\/www.actualidadadiario.com\/index.php\/wp-json\/wp\/v2\/posts\/42182\/revisions"}],"predecessor-version":[{"id":42184,"href":"https:\/\/www.actualidadadiario.com\/index.php\/wp-json\/wp\/v2\/posts\/42182\/revisions\/42184"}],"wp:featuredmedia":[{"embeddable":true,"href":"https:\/\/www.actualidadadiario.com\/index.php\/wp-json\/wp\/v2\/media\/42183"}],"wp:attachment":[{"href":"https:\/\/www.actualidadadiario.com\/index.php\/wp-json\/wp\/v2\/media?parent=42182"}],"wp:term":[{"taxonomy":"category","embeddable":true,"href":"https:\/\/www.actualidadadiario.com\/index.php\/wp-json\/wp\/v2\/categories?post=42182"},{"taxonomy":"post_tag","embeddable":true,"href":"https:\/\/www.actualidadadiario.com\/index.php\/wp-json\/wp\/v2\/tags?post=42182"}],"curies":[{"name":"wp","href":"https:\/\/api.w.org\/{rel}","templated":true}]}}