{"id":42167,"date":"2019-03-20T10:28:25","date_gmt":"2019-03-20T13:28:25","guid":{"rendered":"https:\/\/www.actualidadadiario.com\/?p=42167"},"modified":"2019-05-06T20:54:40","modified_gmt":"2019-05-06T23:54:40","slug":"el-peor-mundo-de-todos-ninos-afectados-por-bombas-de-uranio-de-la-otan","status":"publish","type":"post","link":"https:\/\/www.actualidadadiario.com\/index.php\/2019\/03\/20\/el-peor-mundo-de-todos-ninos-afectados-por-bombas-de-uranio-de-la-otan\/","title":{"rendered":"El peor mundo de todos: ni\u00f1os afectados por bombas de uranio de la OTAN"},"content":{"rendered":"\n<p><strong><em>Durante a\u00f1os, ni\u00f1os nacidos durante mucho tiempo estuvieron expuestos a gases t\u00f3xicos<\/em><\/strong><\/p>\n\n\n\n<p><\/p>\n\n\n\n<p><\/p>\n\n\n\n<p>Los ni\u00f1os nacidos en Serbia entre 1999 y 2015 fueron\nexpuestos a un factor t\u00f3xico, el uranio empobrecido utilizado en los bombardeos\nde la OTAN durante la guerra de Kosovo, que los hizo m\u00e1s vulnerables ante\nenfermedades malignas. Lo revel\u00f3 hoy Darko Laketic, presidente de la Comisi\u00f3n\nEspecial de Investigaci\u00f3n creada en 2018 en Belgrado para indagar sobre las\nconsecuencias para la salud de los ciudadanos y para el ambiente de los\nbombardeos realizados por fuerzas de la OTAN en Serbia, en 1999.<\/p>\n\n\n\n<p>Laketic present\u00f3 hoy en el Parlamento serbio el primer\nestudio m\u00e9dico-cient\u00edfico efectuado por la comisi\u00f3n en colaboraci\u00f3n con el\nInstituto para la Salud P\u00fablica &#8220;Milan Jovanovic Batut&#8221;. Se\u00f1al\u00f3 que\nel estudio se centr\u00f3 en los ni\u00f1os ya que est\u00e1n menos expuestos que los adultos\na otros factores de riesgo, como el humo o la obesidad. Como precis\u00f3 Laketic,\nde la investigaci\u00f3n surgi\u00f3 que las formaciones tumorales m\u00e1s comunes en los\nni\u00f1os de hasta cuatro a\u00f1os son las neuroectod\u00e9rmicas, mientras que entre los 5\ny 9 a\u00f1os sufren m\u00e1s a menudo de leucemia.<\/p>\n\n\n\n<p>Entre los 10 y 14 a\u00f1os, agreg\u00f3, se manifiesta en general el\ntumor cerebral y, desde los 15 a los 18 a\u00f1os, se manifiestan tumores s\u00f3lidos.\n&#8220;La investigaci\u00f3n muestra con evidencia que diversas generaciones en un\nper\u00edodo de tiempo particular fueron expuestas a un factor que los hizo m\u00e1s\nvulnerables frente a enfermedades malignas, respecto de otras generaciones en\nla misma franja etaria&#8221;, dijo Laketic.<\/p>\n\n\n\n<p>Observ\u00f3 que Serbia dispone de los fondos y de expertos para\ninvestigar sobre las consecuencias de los bombardeos de la OTAN, pero que no\ntiene los equipos sofisticados necesarios y, por ello, deber\u00e1 adquirirlos o\ncontar con los de otros pa\u00edses que los poseen. Uno de ellos es Italia que,\nafirm\u00f3 Laketic, &#8220;puso a disposici\u00f3n la documentaci\u00f3n de su comisi\u00f3n de\ninvestigaci\u00f3n, ofreciendo ayuda con an\u00e1lisis bioqu\u00edmicos o toxicol\u00f3gicos&#8221;.<\/p>\n\n\n\n<p>El ofrecimiento se produjo en ocasi\u00f3n de la visita que el\npresidente de la comisi\u00f3n, Gian Piero Scanu, hab\u00eda efectuado a Belgrado en\njulio del a\u00f1o pasado. Laketic subray\u00f3 que son muy graves las consecuencias de\nlos bombardeos a\u00e9reos aliados en Serbia, entonces presidida por Slobodan\nMilosevic. &#8220;Una tragedia de este tipo no puede y no debe ser\nolvidada&#8221;, concluy\u00f3.<\/p>\n\n\n\n<p>El 24 de marzo pr\u00f3ximo, se cumplir\u00e1n 20 a\u00f1os desde el inicio\nde los bombardeos de la OTAN sobre el territorio de la entonces Yugoslavia, lo\nque caus\u00f3 numerosas v\u00edctimas y destrucci\u00f3n en el pa\u00eds, en particular en\nBelgrado, la Capital. Durante la operaci\u00f3n, denominada Fuerza Aliada, que tuvo\nlugar durante la guerra de Kosovo y dur\u00f3 hasta el 10 de junio de 1999, se\nlanzaron m\u00e1s de 2.300 misiles de crucero y 14.000 bombas -entre ellas las de\nuranio empobrecido-, 212 de ellas solo en la capital.<\/p>\n\n\n\n<p>El uranio empobrecido es un residuo obtenido de la producci\u00f3n\ndel combustible destinado a los reactores nucleares y las bombas at\u00f3micas. Es\nmuy utilizado en la industria militar debido a que tiene caracter\u00edsticas\n&#8220;atractivas&#8221;: es extremadamente pesado, por lo tanto los proyectiles\ncon cabeza de uranio empobrecido pueden perforar el acero blindado de veh\u00edculos\nmilitares y edificios.<\/p>\n\n\n\n<p>En segundo lugar, es un material pirof\u00f3rico espont\u00e1neo, es\ndecir, se inflama al alcanzar su objetivo y genera tanto calor que provoca su\nexplosi\u00f3n.<\/p>\n\n\n\n<p>Sin embargo, su efecto sobre la salud no es para nada\natractivo. Cuando los proyectiles impactan contra sus objetivos, el 70% de su\nrevestimiento de uranio empobrecido arde y se oxida. Luego se volatiliza en\nmicropart\u00edculas altamente t\u00f3xicas y radiactivas. Al ser tan peque\u00f1as, pueden ser\ningeridas o inhaladas tras quedar depositadas en el suelo o al ser\ntransportadas a kil\u00f3metros de distancia por el aire, el agua o la cadena\nalimenticia.<\/p>\n","protected":false},"excerpt":{"rendered":"<p>Durante a\u00f1os, ni\u00f1os nacidos durante mucho tiempo estuvieron expuestos a gases t\u00f3xicos Los ni\u00f1os nacidos en Serbia entre 1999 y 2015 fueron expuestos a un factor t\u00f3xico, el uranio empobrecido utilizado en los bombardeos de la OTAN durante la guerra de Kosovo, que los hizo m\u00e1s vulnerables ante enfermedades malignas. Lo revel\u00f3 hoy Darko Laketic, presidente de la Comisi\u00f3n Especial de Investigaci\u00f3n creada en 2018 en Belgrado para indagar sobre las consecuencias para la salud de los ciudadanos y para el ambiente de los bombardeos realizados por fuerzas de la&#8230;<\/p>\n","protected":false},"author":3,"featured_media":42168,"comment_status":"closed","ping_status":"closed","sticky":false,"template":"","format":"standard","meta":[],"categories":[4],"tags":[],"_links":{"self":[{"href":"https:\/\/www.actualidadadiario.com\/index.php\/wp-json\/wp\/v2\/posts\/42167"}],"collection":[{"href":"https:\/\/www.actualidadadiario.com\/index.php\/wp-json\/wp\/v2\/posts"}],"about":[{"href":"https:\/\/www.actualidadadiario.com\/index.php\/wp-json\/wp\/v2\/types\/post"}],"author":[{"embeddable":true,"href":"https:\/\/www.actualidadadiario.com\/index.php\/wp-json\/wp\/v2\/users\/3"}],"replies":[{"embeddable":true,"href":"https:\/\/www.actualidadadiario.com\/index.php\/wp-json\/wp\/v2\/comments?post=42167"}],"version-history":[{"count":1,"href":"https:\/\/www.actualidadadiario.com\/index.php\/wp-json\/wp\/v2\/posts\/42167\/revisions"}],"predecessor-version":[{"id":42169,"href":"https:\/\/www.actualidadadiario.com\/index.php\/wp-json\/wp\/v2\/posts\/42167\/revisions\/42169"}],"wp:featuredmedia":[{"embeddable":true,"href":"https:\/\/www.actualidadadiario.com\/index.php\/wp-json\/wp\/v2\/media\/42168"}],"wp:attachment":[{"href":"https:\/\/www.actualidadadiario.com\/index.php\/wp-json\/wp\/v2\/media?parent=42167"}],"wp:term":[{"taxonomy":"category","embeddable":true,"href":"https:\/\/www.actualidadadiario.com\/index.php\/wp-json\/wp\/v2\/categories?post=42167"},{"taxonomy":"post_tag","embeddable":true,"href":"https:\/\/www.actualidadadiario.com\/index.php\/wp-json\/wp\/v2\/tags?post=42167"}],"curies":[{"name":"wp","href":"https:\/\/api.w.org\/{rel}","templated":true}]}}