{"id":42164,"date":"2019-03-20T10:27:39","date_gmt":"2019-03-20T13:27:39","guid":{"rendered":"https:\/\/www.actualidadadiario.com\/?p=42164"},"modified":"2019-05-06T20:50:22","modified_gmt":"2019-05-06T23:50:22","slug":"stornelli-acuso-a-ramos-padilla-por-violacion-de-secreto-en-un-espectaculo-mediatico","status":"publish","type":"post","link":"https:\/\/www.actualidadadiario.com\/index.php\/2019\/03\/20\/stornelli-acuso-a-ramos-padilla-por-violacion-de-secreto-en-un-espectaculo-mediatico\/","title":{"rendered":"Stornelli acus\u00f3 a Ramos Padilla por &#8220;violaci\u00f3n de secreto en un espect\u00e1culo medi\u00e1tico&#8221;"},"content":{"rendered":"\n<p><strong><em>El fiscal est\u00e1 citado como imputado para este mi\u00e9rcoles en el juzgado de Dolores. Recus\u00f3 al juez, pidi\u00f3 la nulidad de lo actuado y plante\u00f3 su incompetencia<\/em><\/strong><\/p>\n\n\n\n<p><\/p>\n\n\n\n<p><\/p>\n\n\n\n<p>El fiscal Carlos Stornelli acus\u00f3 al juez de Dolores Alejo\nRamos Padilla de violaci\u00f3n de secreto por ventilar &#8220;en un espect\u00e1culo\nmedi\u00e1tico&#8221; datos de la investigaci\u00f3n a su cargo.<\/p>\n\n\n\n<p>&#8220;\u00bfQu\u00e9 necesidad exist\u00eda de difundir p\u00fablicamente esto?\nSu actitud ha violado los deberes de imparcialidad y sobre todo la necesaria\nreserva que debe existir sobre causas que se tramitan en forma larvada&#8221;,\ncuestion\u00f3 el fiscal, en referencia a la exposici\u00f3n que el juez hizo el pasado\n13 de marzo ante la Comisi\u00f3n de Libertad de Expresi\u00f3n.<\/p>\n\n\n\n<p>Las frases dirigidas al juez de Dolores que investiga\nmaniobras de espionaje ilegal surgen de la nueva recusaci\u00f3n efectuada por el\nfiscal, representado por su abogado, Roberto Ribas.<\/p>\n\n\n\n<p>Stornelli ya falt\u00f3 a su primera cita. Recus\u00f3 al juez, pidi\u00f3\nla nulidad de lo actuado y plante\u00f3 su incompetencia. Ahora lo recus\u00f3 nuevamente\ncon otras causales contenidas en un escrito.<\/p>\n\n\n\n<p>&#8220;La cosa es m\u00e1s que simple. Innecesariamente ha\nventilado pr\u00e1cticamente el total del proceso, violando las disposiciones\ncontenidas en el C\u00f3digo Procesal Penal y tambi\u00e9n en el art\u00edculo 157 del C\u00f3digo\nPenal\u201d, dice la presentaci\u00f3n.<\/p>\n\n\n\n<p>&#8220;No me voy a adentrar si hay especulaciones pol\u00edticas o\nde otro tipo, nos alcanza con se\u00f1alar que V.S. (Ramos Padilla) actu\u00f3 con\nligereza en forma innecesaria, ventilando en un espect\u00e1culo medi\u00e1tico, como ya\nlo se\u00f1alaron quienes se adentraron en la cr\u00edtica a la actitud llevada a\ncabo&#8221;, sostiene la ampliaci\u00f3n de recusaci\u00f3n.<\/p>\n","protected":false},"excerpt":{"rendered":"<p>El fiscal est\u00e1 citado como imputado para este mi\u00e9rcoles en el juzgado de Dolores. Recus\u00f3 al juez, pidi\u00f3 la nulidad de lo actuado y plante\u00f3 su incompetencia El fiscal Carlos Stornelli acus\u00f3 al juez de Dolores Alejo Ramos Padilla de violaci\u00f3n de secreto por ventilar &#8220;en un espect\u00e1culo medi\u00e1tico&#8221; datos de la investigaci\u00f3n a su cargo. &#8220;\u00bfQu\u00e9 necesidad exist\u00eda de difundir p\u00fablicamente esto? Su actitud ha violado los deberes de imparcialidad y sobre todo la necesaria reserva que debe existir sobre causas que se tramitan en forma larvada&#8221;, cuestion\u00f3 el&#8230;<\/p>\n","protected":false},"author":3,"featured_media":42165,"comment_status":"closed","ping_status":"closed","sticky":false,"template":"","format":"standard","meta":[],"categories":[18],"tags":[],"_links":{"self":[{"href":"https:\/\/www.actualidadadiario.com\/index.php\/wp-json\/wp\/v2\/posts\/42164"}],"collection":[{"href":"https:\/\/www.actualidadadiario.com\/index.php\/wp-json\/wp\/v2\/posts"}],"about":[{"href":"https:\/\/www.actualidadadiario.com\/index.php\/wp-json\/wp\/v2\/types\/post"}],"author":[{"embeddable":true,"href":"https:\/\/www.actualidadadiario.com\/index.php\/wp-json\/wp\/v2\/users\/3"}],"replies":[{"embeddable":true,"href":"https:\/\/www.actualidadadiario.com\/index.php\/wp-json\/wp\/v2\/comments?post=42164"}],"version-history":[{"count":1,"href":"https:\/\/www.actualidadadiario.com\/index.php\/wp-json\/wp\/v2\/posts\/42164\/revisions"}],"predecessor-version":[{"id":42166,"href":"https:\/\/www.actualidadadiario.com\/index.php\/wp-json\/wp\/v2\/posts\/42164\/revisions\/42166"}],"wp:featuredmedia":[{"embeddable":true,"href":"https:\/\/www.actualidadadiario.com\/index.php\/wp-json\/wp\/v2\/media\/42165"}],"wp:attachment":[{"href":"https:\/\/www.actualidadadiario.com\/index.php\/wp-json\/wp\/v2\/media?parent=42164"}],"wp:term":[{"taxonomy":"category","embeddable":true,"href":"https:\/\/www.actualidadadiario.com\/index.php\/wp-json\/wp\/v2\/categories?post=42164"},{"taxonomy":"post_tag","embeddable":true,"href":"https:\/\/www.actualidadadiario.com\/index.php\/wp-json\/wp\/v2\/tags?post=42164"}],"curies":[{"name":"wp","href":"https:\/\/api.w.org\/{rel}","templated":true}]}}