{"id":4216,"date":"2016-11-09T09:21:54","date_gmt":"2016-11-09T12:21:54","guid":{"rendered":"http:\/\/actualidadadiario.com\/site\/?p=4216"},"modified":"2016-11-09T09:21:54","modified_gmt":"2016-11-09T12:21:54","slug":"nuevo-modelo-prestacional-de-medicos-de-cabecera-de-pami","status":"publish","type":"post","link":"https:\/\/www.actualidadadiario.com\/index.php\/2016\/11\/09\/nuevo-modelo-prestacional-de-medicos-de-cabecera-de-pami\/","title":{"rendered":"Nuevo modelo prestacional de m\u00e9dicos de cabecera de PAMI"},"content":{"rendered":"<p><em><strong>Seg\u00fan se explic\u00f3, los afiliados &#8220;tendr\u00e1n la posibilidad de que si no est\u00e1n conformes con el m\u00e9dico de cabecera, todos los meses podr\u00e1n cambiarlo&#8221;. Buena recepci\u00f3n por parte de los profesionales de la Salud<\/strong><\/em><\/p>\n<p>&nbsp;<\/p>\n<p>&nbsp;<\/p>\n<p>&nbsp;<\/p>\n<p>&nbsp;<\/p>\n<p>A partir del 1\u00ba de diciembre, regir\u00e1 en PAMI el nuevo modelo prestacional de m\u00e9dicos de cabecera; las reformas prometen una mejor accesibilidad a los afiliados, subas en el importe que recibir\u00e1n los profesionales (por cada afiliado) y adem\u00e1s se abre la inscripci\u00f3n a nuevos m\u00e9dicos.<\/p>\n<p>&nbsp;<\/p>\n<p>Al respecto, el contador Julio Barci, director de la delegaci\u00f3n de PAMI de la capital entrerriana, explic\u00f3 en qu\u00e9 consisten los cambios en el sistema prestacional que comenzar\u00e1n a regir a partir del mes pr\u00f3ximo.<\/p>\n<p>&nbsp;<\/p>\n<p>&#8220;Actualmente tenemos un sistema per c\u00e1pita, a trav\u00e9s del cual, a cada m\u00e9dico de cabecera se le asignaba un X n\u00famero de cantidad de afiliados, y el m\u00e9dico, ya sea que si los atendiera o no, todos los meses percib\u00eda la remuneraci\u00f3n por la cantidad de afiliados que ten\u00eda capitados. Con la nueva modalidad se va a propender a un sistema prestacional, es decir, que la idea que subyace en este cambio de modelo es que la remuneraci\u00f3n al m\u00e9dico sea mixta, por un lado, por la cantidad de afiliados que tenga, a lo cual se le va a agregar el cobro por efectiva prestaci\u00f3n y atenci\u00f3n de cada uno&#8221;, detall\u00f3 Barci.<\/p>\n<p>&nbsp;<\/p>\n<p>En la oportunidad, subray\u00f3 que los controles ser\u00e1n v\u00eda inform\u00e1tica a trav\u00e9s de las oficinas centrales de la obra social. &#8220;Los m\u00e9dicos van a emitir la receta electr\u00f3nica y cada atenci\u00f3n a cada afiliado quedar\u00e1 registrada en PAMI central, as\u00ed como la eventual receta de medicamentos&#8221;, explic\u00f3.<\/p>\n<p>&nbsp;<\/p>\n<p>En esa l\u00ednea, el responsable de PAMI en Paran\u00e1 subray\u00f3 que los profesionales m\u00e9dicos, en l\u00edneas generales, recibieron &#8220;muy bien&#8221; al nuevo modelo prestacional.<\/p>\n<p>&nbsp;<\/p>\n<p>&#8220;Ellos tambi\u00e9n est\u00e1n convencidos, de acuerdo a las recepciones que hemos tenido, de que es un cambio para mejorar porque se les va a incrementar la remuneraci\u00f3n en la medida en que transmitan la informaci\u00f3n y hagan la efectiva prestaci\u00f3n del servicio. Esto les va a mejorar su situaci\u00f3n con el PAMI&#8221;, alent\u00f3.<\/p>\n<p>&nbsp;<\/p>\n<p>Por estos d\u00edas, los m\u00e9dicos est\u00e1n firmando los nuevos convenios, atento a que el antiguo sistema queda fuera de vigencia el 30 de noviembre.<\/p>\n<p>&nbsp;<\/p>\n<p>&nbsp;<\/p>\n<p>&nbsp;<\/p>\n<p>&nbsp;<\/p>\n<p>&nbsp;<\/p>\n<p>&nbsp;<\/p>\n<p><strong>Beneficios para los afiliados<\/strong><\/p>\n<p>&#8220;Uno de los problemas que ten\u00edamos con nuestros aliados era que muchas veces se sent\u00edan que no estaban debidamente atendidos y que simplemente se les emit\u00eda la receta, tendr\u00e1n la posibilidad de que si no est\u00e1n conformes con el m\u00e9dico de cabecera, todos los meses podr\u00e1n cambiarlo, para que el afiliado pueda sentirse c\u00f3modo con el m\u00e9dico que elija&#8221;, inst\u00f3 Barci.<\/p>\n","protected":false},"excerpt":{"rendered":"<p>Seg\u00fan se explic\u00f3, los afiliados &#8220;tendr\u00e1n la posibilidad de que si no est\u00e1n conformes con el m\u00e9dico de cabecera, todos los meses podr\u00e1n cambiarlo&#8221;. Buena recepci\u00f3n por parte de los profesionales de la Salud &nbsp; &nbsp; &nbsp; &nbsp; A partir del 1\u00ba de diciembre, regir\u00e1 en PAMI el nuevo modelo prestacional de m\u00e9dicos de cabecera; las reformas prometen una mejor accesibilidad a los afiliados, subas en el importe que recibir\u00e1n los profesionales (por cada afiliado) y adem\u00e1s se abre la inscripci\u00f3n a nuevos m\u00e9dicos. &nbsp; Al respecto, el contador Julio&#8230;<\/p>\n","protected":false},"author":3,"featured_media":4217,"comment_status":"closed","ping_status":"closed","sticky":false,"template":"","format":"standard","meta":[],"categories":[18],"tags":[],"_links":{"self":[{"href":"https:\/\/www.actualidadadiario.com\/index.php\/wp-json\/wp\/v2\/posts\/4216"}],"collection":[{"href":"https:\/\/www.actualidadadiario.com\/index.php\/wp-json\/wp\/v2\/posts"}],"about":[{"href":"https:\/\/www.actualidadadiario.com\/index.php\/wp-json\/wp\/v2\/types\/post"}],"author":[{"embeddable":true,"href":"https:\/\/www.actualidadadiario.com\/index.php\/wp-json\/wp\/v2\/users\/3"}],"replies":[{"embeddable":true,"href":"https:\/\/www.actualidadadiario.com\/index.php\/wp-json\/wp\/v2\/comments?post=4216"}],"version-history":[{"count":1,"href":"https:\/\/www.actualidadadiario.com\/index.php\/wp-json\/wp\/v2\/posts\/4216\/revisions"}],"predecessor-version":[{"id":4218,"href":"https:\/\/www.actualidadadiario.com\/index.php\/wp-json\/wp\/v2\/posts\/4216\/revisions\/4218"}],"wp:featuredmedia":[{"embeddable":true,"href":"https:\/\/www.actualidadadiario.com\/index.php\/wp-json\/wp\/v2\/media\/4217"}],"wp:attachment":[{"href":"https:\/\/www.actualidadadiario.com\/index.php\/wp-json\/wp\/v2\/media?parent=4216"}],"wp:term":[{"taxonomy":"category","embeddable":true,"href":"https:\/\/www.actualidadadiario.com\/index.php\/wp-json\/wp\/v2\/categories?post=4216"},{"taxonomy":"post_tag","embeddable":true,"href":"https:\/\/www.actualidadadiario.com\/index.php\/wp-json\/wp\/v2\/tags?post=4216"}],"curies":[{"name":"wp","href":"https:\/\/api.w.org\/{rel}","templated":true}]}}