{"id":4210,"date":"2016-11-09T09:20:12","date_gmt":"2016-11-09T12:20:12","guid":{"rendered":"http:\/\/actualidadadiario.com\/site\/?p=4210"},"modified":"2016-11-09T09:20:12","modified_gmt":"2016-11-09T12:20:12","slug":"aprobaron-creacion-de-un-ente-para-prevenir-la-violencia-contra-la-mujer","status":"publish","type":"post","link":"https:\/\/www.actualidadadiario.com\/index.php\/2016\/11\/09\/aprobaron-creacion-de-un-ente-para-prevenir-la-violencia-contra-la-mujer\/","title":{"rendered":"Aprobaron creaci\u00f3n de un ente para prevenir la violencia contra la mujer"},"content":{"rendered":"<p><em><strong>La C\u00e1mara de Diputados aprob\u00f3 el proyecto que crea, como ente aut\u00e1rquico descentralizado, el Consejo de Prevenci\u00f3n y Asistencia de las Violencias y de Coordinaci\u00f3n de Pol\u00edtica de G\u00e9nero (Coprev)<\/strong><\/em><\/p>\n<p>&nbsp;<\/p>\n<p>&nbsp;<\/p>\n<p>&nbsp;<\/p>\n<p>&nbsp;<\/p>\n<p>La iniciativa dispone la creaci\u00f3n, &#8220;como ente aut\u00e1rquico descentralizado, del Consejo de Prevenci\u00f3n y Asistencia de las Violencias y de Coordinaci\u00f3n de Pol\u00edticas de G\u00e9nero (Coprev) con asiento en la ciudad de Paran\u00e1, con competencia en todo el territorio de la provincia y delegaciones en cada departamento&#8221;, se\u00f1ala el primer art\u00edculo de la iniciativa, en la que se agrega que &#8220;se relacionar\u00e1 con el Poder Ejecutivo a trav\u00e9s del Ministerio de Desarrollo Social&#8221;.<\/p>\n<p>&nbsp;<\/p>\n<p>La diputada Emilce Pross fue la encargada de argumentar la iniciativa y dijo que &#8220;el Consejo va a articular pol\u00edticas p\u00fablicas contra todas las formas de violencia&#8221;.<\/p>\n<p>&nbsp;<\/p>\n<p>&#8220;Si bien el Consejo ya viene funcionando, queremos que est\u00e9 respaldado por una ley para garantizar su continuidad en el tiempo&#8221;, asever\u00f3.<\/p>\n<p>&nbsp;<\/p>\n<p>Funcionar\u00e1 &#8220;bajo la conducci\u00f3n de un Presidente que ser\u00e1 secundado por un Secretario General, quienes ser\u00e1n designados por el Poder Ejecutivo&#8221;, dispone el proyecto que impulsa el Poder Ejecutivo.<\/p>\n<p>&nbsp;<\/p>\n<p>&#8220;En la \u00f3rbita del Consejo funcionar\u00e1 una mesa intersectorial como \u00f3rgano honorario, con especialidad en la materia, conformada por: un representante de cada uno de los ministerios; un representante de cada una de las c\u00e1maras del Poder Legislativo de la Provincia; un representante del Poder Judicial; un representante del Ministerio P\u00fablico de la Defensa; un representante del Ministerio P\u00fablico Fiscal; un representante por las entidades sindicales o gremiales; un representante por cada universidad; un representante por cada colegio de profesionales afines; y un representante por cada organizaci\u00f3n no gubernamental dedicada a la tem\u00e1tica, quienes revistar\u00e1n la calidad de consejeros que desarrollar\u00e1n sus tareas ad-honorem.<\/p>\n<p>&nbsp;<\/p>\n<p>En el art\u00edculo 4\u00ba del proyecto se indica que &#8220;en la \u00f3rbita del Consejo de Prevenci\u00f3n y Asistencia de las Violencias y de Coordinaci\u00f3n de Pol\u00edticas de G\u00e9nero (Coprev) funcionar\u00e1 el &#8216;Hogar de Protecci\u00f3n Integral para mujeres en situaci\u00f3n de Violencia de Paran\u00e1&#8217;, conforme al convenio celebrado con el Consejo Nacional de las Mujeres, ratificado mediante Decreto 3.071\/13 y todos aquellos de similar y an\u00e1loga naturaleza que se creen en el territorio y jurisdicci\u00f3n provincial&#8221;.<\/p>\n<p>&nbsp;<\/p>\n<p>La iniciativa establece que una de las funciones del Consejo ser\u00e1 &#8220;desarrollar y dise\u00f1ar pol\u00edticas p\u00fablicas de car\u00e1cter institucional destinadas a promover la igualdad de g\u00e9nero y contribuir a la eliminaci\u00f3n de toda forma de discriminaci\u00f3n&#8221;.<\/p>\n<p>&nbsp;<\/p>\n<p>Tambi\u00e9n apuntar\u00e1 a &#8220;propiciar la promoci\u00f3n y fortalecimiento de acciones y estrategias vinculadas a la prevenci\u00f3n, protecci\u00f3n y asistencia integral de las situaciones de violencia&#8221; y tendr\u00e1 como meta &#8220;promover el trabajo articulado, la participaci\u00f3n, la corresponsabilidad y la comunicaci\u00f3n fluida entre los distintos organismos y entidades gubernamentales y no gubernamentales&#8221;.<\/p>\n<p>&nbsp;<\/p>\n<p>Adem\u00e1s, se establece que construir\u00e1 &#8220;el segundo nivel de intervenci\u00f3n, teniendo como objetivo brindar asesoramiento y asistencia integral a personas, instituciones, organizaciones de la sociedad civil, equipos t\u00e9cnicos de reparticiones p\u00fablicas y privadas, en temas vinculados a la violencia y promoci\u00f3n de los derechos humanos de los sectores vulnerables&#8221;.<\/p>\n<p>&nbsp;<\/p>\n<p>&nbsp;<\/p>\n<p>&nbsp;<\/p>\n<p>&nbsp;<\/p>\n<p>&nbsp;<\/p>\n<p><strong>Responsabilidad del Estado<\/strong><\/p>\n<p>En otro tramo de la sesi\u00f3n la diputada Rosario Romero (FpV) argument\u00f3 a favor del proyecto sobre Responsabilidad del Estado, que &#8220;rige la responsabilidad del Estado Provincial, Municipios, Comunas, Entes aut\u00e1rquicos, descentralizados y dem\u00e1s entes p\u00fablicos estatales provinciales, municipales o comunales, en todas sus manifestaciones y niveles, por los da\u00f1os que su acci\u00f3n u omisi\u00f3n les produzca a los bienes o derechos de las personas. La responsabilidad del Estado es objetiva y directa&#8221;.<\/p>\n<p>&nbsp;<\/p>\n<p>Tras una extensa fundamentaci\u00f3n t\u00e9cnica, tom\u00f3 la palabra su par de Cambiemos Mar\u00eda Alejandra Viola, quien solicit\u00f3 que el proyecto vuelva a comisi\u00f3n para darle &#8220;continuidad a su an\u00e1lisis&#8221;, ya que consider\u00f3 que tiene &#8220;una serie de falencias y contradicciones&#8221;, y fue m\u00e1s all\u00e1 al cuestionar algunos aspectos de la norma que rige a nivel nacional.<\/p>\n<p>&nbsp;<\/p>\n<p>Tras marcar detalladamente las &#8220;falencias&#8221; del proyecto, finalmente por mayor\u00eda no se dio lugar al regreso a comisi\u00f3n de la iniciativa y \u00e9sta fue aprobada.<\/p>\n<p>&nbsp;<\/p>\n<p>&nbsp;<\/p>\n<p>&nbsp;<\/p>\n<p>&nbsp;<\/p>\n<p>&nbsp;<\/p>\n<p><strong>Homenajes<\/strong><\/p>\n<p>En el turno de los homenajes la diputada de Cambiemos, Ayel\u00e9n Acosta, solicit\u00f3 un minuto de silencio por las v\u00edctimas de femicidio que fueron asesinadas en los \u00faltimos d\u00edas en la provincia.<\/p>\n<p>&nbsp;<\/p>\n<p>En varias de las bancas de los legisladores se colgaron carteles con la leyenda &#8220;Ni una Menos&#8221;.<\/p>\n<p>&nbsp;<\/p>\n<p>Tras ello se realiz\u00f3 un homenaje al ex gobernador Sergio Montiel, al cumplirse el 1\u00ba de noviembre cinco a\u00f1os de su fallecimiento.<\/p>\n<p>&nbsp;<\/p>\n<p>El encargado de realizar el homenaje fue el diputado Alberto Rotman (Cambiemos), quien resalt\u00f3 que Montiel &#8220;fue un dirigente que miraba lejos&#8221;, destac\u00f3 sus obras y resalt\u00f3 que &#8220;tomaba todas las decisiones con convicci\u00f3n y las defend\u00eda con vehemencia&#8221;.<\/p>\n<p>&nbsp;<\/p>\n<p>&#8220;Se opuso al Pacto de Olivos, gan\u00f3 y perdi\u00f3 elecciones, pero nunca lograron doblegarlo&#8221;, agreg\u00f3.<\/p>\n<p>&nbsp;<\/p>\n<p>&#8220;Fue el gran elector de la UCR y construy\u00f3 su liderazgo de la mano de su personalidad y su doctrina&#8221;, manifest\u00f3 luego, al tiempo que hizo hincapi\u00e9 en el &#8220;minucioso conocimiento que ten\u00eda de todos los rincones de la provincia y de los vericuetos del Gobierno&#8221;.<\/p>\n<p>&nbsp;<\/p>\n<p>Luego el Diputado asever\u00f3 que &#8220;Montiel fue un gran progresista&#8221; y plasm\u00f3 en su gesti\u00f3n el lema &#8220;gobernar es educar&#8221;. En este sentido, record\u00f3 la creaci\u00f3n del Instituto Cient\u00edfico de Entre R\u00edos, del Instituto de la Administraci\u00f3n P\u00fablica, la creaci\u00f3n de la Editorial de Entre R\u00edos, del programa de mejoramiento de escuelas rurales, la creaci\u00f3n de la Facultad de Bioingenier\u00eda y destac\u00f3 de sobremanera la creaci\u00f3n de la Uader, que &#8220;deber\u00eda llevar su nombre&#8221;.<\/p>\n<p>&nbsp;<\/p>\n<p>Record\u00f3 que &#8220;la Uader se cre\u00f3 en su segunda gesti\u00f3n de Gobierno, que estuvo signada por la gran deuda que ten\u00eda, lo cual se agrav\u00f3 por la crisis de 2001&#8221;.<\/p>\n<p>&nbsp;<\/p>\n<p>Fue en este marco que Rotman trajo a colaci\u00f3n que &#8220;la negativa del ministro Domingo Cavallo a enviar recursos extraordinarios, como lo hac\u00eda con otras provincias, lo obligaron a emitir bonos, como lo hicieron otras nueve jurisdicciones provinciales&#8221;.<\/p>\n<p>&nbsp;<\/p>\n<p>Tambi\u00e9n Rotman record\u00f3 el intento de &#8220;golpe institucional&#8221; al que fue sometido Montiel y ac\u00e1 fue que record\u00f3 que &#8220;el PJ y algunos extraviados radicales propiciaron el juicio pol\u00edtico&#8221;.<\/p>\n<p>&nbsp;<\/p>\n<p>Y sigui\u00f3: &#8220;Pero a pesar de todo se fue el 10 de diciembre por la puerta grande, con la cabeza alta y los bolsillos vac\u00edos&#8221;.<\/p>\n<p>&nbsp;<\/p>\n<p>&#8220;Fue el \u00faltimo caudillo de la historia entrerriana, fue un imprescindible que pas\u00f3 a ser un habitante de la historia&#8221;, expres\u00f3 finalmente.<\/p>\n<p>&nbsp;<\/p>\n<p>Luego un grupo de legisladores le entreg\u00f3 ofrendas florales y una placa a la esposa del ex mandatario, Marta Jord\u00e1n&#8221;.<\/p>\n<p>&nbsp;<\/p>\n<p>Las gradas del recinto estuvieron colmadas por familiares y amigos de Montiel, y varios dirigentes radicales tambi\u00e9n se hicieron presentes.<\/p>\n","protected":false},"excerpt":{"rendered":"<p>La C\u00e1mara de Diputados aprob\u00f3 el proyecto que crea, como ente aut\u00e1rquico descentralizado, el Consejo de Prevenci\u00f3n y Asistencia de las Violencias y de Coordinaci\u00f3n de Pol\u00edtica de G\u00e9nero (Coprev) &nbsp; &nbsp; &nbsp; &nbsp; La iniciativa dispone la creaci\u00f3n, &#8220;como ente aut\u00e1rquico descentralizado, del Consejo de Prevenci\u00f3n y Asistencia de las Violencias y de Coordinaci\u00f3n de Pol\u00edticas de G\u00e9nero (Coprev) con asiento en la ciudad de Paran\u00e1, con competencia en todo el territorio de la provincia y delegaciones en cada departamento&#8221;, se\u00f1ala el primer art\u00edculo de la iniciativa, en la&#8230;<\/p>\n","protected":false},"author":3,"featured_media":4211,"comment_status":"closed","ping_status":"closed","sticky":false,"template":"","format":"standard","meta":[],"categories":[9],"tags":[],"_links":{"self":[{"href":"https:\/\/www.actualidadadiario.com\/index.php\/wp-json\/wp\/v2\/posts\/4210"}],"collection":[{"href":"https:\/\/www.actualidadadiario.com\/index.php\/wp-json\/wp\/v2\/posts"}],"about":[{"href":"https:\/\/www.actualidadadiario.com\/index.php\/wp-json\/wp\/v2\/types\/post"}],"author":[{"embeddable":true,"href":"https:\/\/www.actualidadadiario.com\/index.php\/wp-json\/wp\/v2\/users\/3"}],"replies":[{"embeddable":true,"href":"https:\/\/www.actualidadadiario.com\/index.php\/wp-json\/wp\/v2\/comments?post=4210"}],"version-history":[{"count":1,"href":"https:\/\/www.actualidadadiario.com\/index.php\/wp-json\/wp\/v2\/posts\/4210\/revisions"}],"predecessor-version":[{"id":4212,"href":"https:\/\/www.actualidadadiario.com\/index.php\/wp-json\/wp\/v2\/posts\/4210\/revisions\/4212"}],"wp:featuredmedia":[{"embeddable":true,"href":"https:\/\/www.actualidadadiario.com\/index.php\/wp-json\/wp\/v2\/media\/4211"}],"wp:attachment":[{"href":"https:\/\/www.actualidadadiario.com\/index.php\/wp-json\/wp\/v2\/media?parent=4210"}],"wp:term":[{"taxonomy":"category","embeddable":true,"href":"https:\/\/www.actualidadadiario.com\/index.php\/wp-json\/wp\/v2\/categories?post=4210"},{"taxonomy":"post_tag","embeddable":true,"href":"https:\/\/www.actualidadadiario.com\/index.php\/wp-json\/wp\/v2\/tags?post=4210"}],"curies":[{"name":"wp","href":"https:\/\/api.w.org\/{rel}","templated":true}]}}