{"id":4207,"date":"2016-11-09T09:19:02","date_gmt":"2016-11-09T12:19:02","guid":{"rendered":"http:\/\/actualidadadiario.com\/site\/?p=4207"},"modified":"2016-11-09T09:19:02","modified_gmt":"2016-11-09T12:19:02","slug":"entre-rios-definio-un-programa-provincial-frente-al-cambio-climatico","status":"publish","type":"post","link":"https:\/\/www.actualidadadiario.com\/index.php\/2016\/11\/09\/entre-rios-definio-un-programa-provincial-frente-al-cambio-climatico\/","title":{"rendered":"Entre R\u00edos defini\u00f3 un programa provincial frente al cambio clim\u00e1tico"},"content":{"rendered":"<p><em><strong>Desarrollo bajo en carbono, implementaci\u00f3n de un incentivo para adquirir energ\u00eda renovable, conservaci\u00f3n de bosques y obras de adaptaci\u00f3n, son algunos de los ejes del programa provincial contra el cambio clim\u00e1tico que impulsa la provincia. El gobernador Gustavo Bordet y la secretaria de Ambiente, Bel\u00e9n Esteves, participar\u00e1n de la Conferencia (COP22) sobre Cambio Clim\u00e1tico, que se realizar\u00e1 en Marruecos, con el objetivo de gestionar financiamiento para el logro de estas acciones. Entre R\u00edos firm\u00f3 con Naci\u00f3n y todos los ministros de Ambiente provinciales un compromiso federal sobre el cambio clim\u00e1tico<\/strong><\/em><\/p>\n<p>&nbsp;<\/p>\n<p>&nbsp;<\/p>\n<p>&nbsp;<\/p>\n<p>&nbsp;<\/p>\n<p>&nbsp;<\/p>\n<p>A trav\u00e9s del compromiso federal sobre el cambio clim\u00e1tico, las autoridades ambientales de las provincias argentinas expresaron su apoyo a la definici\u00f3n de una pol\u00edtica nacional de cambio clim\u00e1tico, en articulaci\u00f3n con el Consejo Federal de Medio Ambiente (Cofema).<\/p>\n<p>&nbsp;<\/p>\n<p>Por primera vez, la provincia de Entre R\u00edos dise\u00f1\u00f3 una estrategia de desarrollo bajo en carbono y resiliente al cambio clim\u00e1tico que consiste en la integraci\u00f3n de las cuestiones ambientales en los planes y estrategias de desarrollo; potenciando alianzas p\u00fablico privadas eficaces, locales e internacionales; participaci\u00f3n de la sociedad civil, aseguramiento de recursos e implementaci\u00f3n de programas para apoyar el desarrollo sostenible bajo en carbono y la capacidad de resiliencia de las \u00e1reas m\u00e1s vulnerables del territorio provincial; y preparaci\u00f3n de planes de mitigaci\u00f3n y de adaptaci\u00f3n.<\/p>\n<p>&nbsp;<\/p>\n<p>La vig\u00e9simo segunda reuni\u00f3n (COP 22) de la Convenci\u00f3n de Cambio Clim\u00e1tico es importante ya que luego del Acuerdo de Par\u00eds, firmado el a\u00f1o pasado (COP 21), definir\u00e1 que los estados pasen a la acci\u00f3n, por eso Entre R\u00edos lleva su estrategia provincial de cambio clim\u00e1tico, que es transversal, \u201cya que el gobernador nos pide el trabajo sin\u00e9rgico entre todos los ministerios para mitigar los efectos clim\u00e1ticos y avanzar en acciones de adaptaci\u00f3n, porque el cambio clim\u00e1tico es hoy una realidad innegable, que sin hacer estamentos apocal\u00edpticos, nos obliga a redoblar los esfuerzos, junto a todos los sectores de la sociedad. Todos somos responsables del cuidado de la casa com\u00fan, y tenemos la obligaci\u00f3n de dejar un lugar para las generaciones futuras, que sea a\u00fan mejor del que recibimos\u201d, expres\u00f3 Esteves.<\/p>\n<p>&nbsp;<\/p>\n<p>El programa provincial prev\u00e9 la implementaci\u00f3n de una estrategia de incentivo para comprar energ\u00eda renovable a peque\u00f1os productores, promover las grandes generaciones de energ\u00edas renovables e impulsar la educaci\u00f3n ambiental. Tambi\u00e9n, se incluye la implementaci\u00f3n de una estrategia de incentivos para la conservaci\u00f3n de servicios agroecosist\u00e9micos para el sector rural orientado al control de la erosi\u00f3n de suelos y al incremento del stock de carbono en suelos, a la conservaci\u00f3n de la biodiversidad, a la gesti\u00f3n de excedentes h\u00eddricos para el control de inundaciones y obra p\u00fablica de adaptaci\u00f3n al cambio clim\u00e1tico.<\/p>\n<p>&nbsp;<\/p>\n<p>Otros puntos incluidos en el programa son: generaci\u00f3n de inventario de gases de efecto invernadero a nivel municipal; gesti\u00f3n ambiental y recuperaci\u00f3n energ\u00e9tica en residuos s\u00f3lidos urbanos; generaci\u00f3n de energ\u00eda de biomasa residual av\u00edcola; eficiencia energ\u00e9tica en edificios p\u00fablicos; producci\u00f3n limpia en PyMEs; programa de reconversi\u00f3n industrial; incorporaci\u00f3n de buses el\u00e9ctrico en principales ciudades; gesti\u00f3n sostenible de bosques nativos; eficiencia energ\u00e9tica en los planes de educaci\u00f3n primaria y secundaria; plan de prevenci\u00f3n y de recuperaci\u00f3n de impactos h\u00eddricos en la provincia; Plan Provincial de Manejo del Fuego; sistema de alerta temprana de riesgos h\u00eddricos; y evaluaci\u00f3n de las Capacidades Organizacionales (ECO) para la adaptaci\u00f3n al cambio clim\u00e1tico.<\/p>\n<p>&nbsp;<\/p>\n<p>&nbsp;<\/p>\n<p>&nbsp;<\/p>\n<p>&nbsp;<\/p>\n<p>&nbsp;<\/p>\n<p>&nbsp;<\/p>\n<p><strong>COP22 <\/strong><\/p>\n<p>Desde el viernes pasado entr\u00f3 en vigencia el Acuerdo de Par\u00eds, programa de las Naciones Unidas para que los estados implementen acciones frente al cambio clim\u00e1tico. Argentino forma parte del mismo, junto a otros 192 pa\u00edses que se proponen reducir los gases de efecto invernadero.<\/p>\n<p>&nbsp;<\/p>\n<p>En ese sentido, desde este lunes y hasta el 18 de noviembre se realizar\u00e1 en Marrakech (Marruecos) la vig\u00e9simo segunda Conferencia de las Partes (COP22) de la Convenci\u00f3n Marco de Naciones Unidas sobre Cambio Clim\u00e1tico.<\/p>\n<p>&nbsp;<\/p>\n<p>Entre R\u00edos participar\u00e1 de la misma, presentar\u00e1 su programa provincial contra el cambio clim\u00e1tico y buscar\u00e1 financiamiento para el desarrollo e implementaci\u00f3n del mismo.<\/p>\n","protected":false},"excerpt":{"rendered":"<p>Desarrollo bajo en carbono, implementaci\u00f3n de un incentivo para adquirir energ\u00eda renovable, conservaci\u00f3n de bosques y obras de adaptaci\u00f3n, son algunos de los ejes del programa provincial contra el cambio clim\u00e1tico que impulsa la provincia. El gobernador Gustavo Bordet y la secretaria de Ambiente, Bel\u00e9n Esteves, participar\u00e1n de la Conferencia (COP22) sobre Cambio Clim\u00e1tico, que se realizar\u00e1 en Marruecos, con el objetivo de gestionar financiamiento para el logro de estas acciones. Entre R\u00edos firm\u00f3 con Naci\u00f3n y todos los ministros de Ambiente provinciales un compromiso federal sobre el cambio clim\u00e1tico&#8230;<\/p>\n","protected":false},"author":3,"featured_media":4208,"comment_status":"closed","ping_status":"closed","sticky":false,"template":"","format":"standard","meta":[],"categories":[15],"tags":[],"_links":{"self":[{"href":"https:\/\/www.actualidadadiario.com\/index.php\/wp-json\/wp\/v2\/posts\/4207"}],"collection":[{"href":"https:\/\/www.actualidadadiario.com\/index.php\/wp-json\/wp\/v2\/posts"}],"about":[{"href":"https:\/\/www.actualidadadiario.com\/index.php\/wp-json\/wp\/v2\/types\/post"}],"author":[{"embeddable":true,"href":"https:\/\/www.actualidadadiario.com\/index.php\/wp-json\/wp\/v2\/users\/3"}],"replies":[{"embeddable":true,"href":"https:\/\/www.actualidadadiario.com\/index.php\/wp-json\/wp\/v2\/comments?post=4207"}],"version-history":[{"count":1,"href":"https:\/\/www.actualidadadiario.com\/index.php\/wp-json\/wp\/v2\/posts\/4207\/revisions"}],"predecessor-version":[{"id":4209,"href":"https:\/\/www.actualidadadiario.com\/index.php\/wp-json\/wp\/v2\/posts\/4207\/revisions\/4209"}],"wp:featuredmedia":[{"embeddable":true,"href":"https:\/\/www.actualidadadiario.com\/index.php\/wp-json\/wp\/v2\/media\/4208"}],"wp:attachment":[{"href":"https:\/\/www.actualidadadiario.com\/index.php\/wp-json\/wp\/v2\/media?parent=4207"}],"wp:term":[{"taxonomy":"category","embeddable":true,"href":"https:\/\/www.actualidadadiario.com\/index.php\/wp-json\/wp\/v2\/categories?post=4207"},{"taxonomy":"post_tag","embeddable":true,"href":"https:\/\/www.actualidadadiario.com\/index.php\/wp-json\/wp\/v2\/tags?post=4207"}],"curies":[{"name":"wp","href":"https:\/\/api.w.org\/{rel}","templated":true}]}}