{"id":4201,"date":"2016-11-09T09:17:17","date_gmt":"2016-11-09T12:17:17","guid":{"rendered":"http:\/\/actualidadadiario.com\/site\/?p=4201"},"modified":"2016-11-09T09:17:17","modified_gmt":"2016-11-09T12:17:17","slug":"bordet-pidio-mecanismos-eficaces-y-mayor-articulacion-entre-los-poderes-del-estado","status":"publish","type":"post","link":"https:\/\/www.actualidadadiario.com\/index.php\/2016\/11\/09\/bordet-pidio-mecanismos-eficaces-y-mayor-articulacion-entre-los-poderes-del-estado\/","title":{"rendered":"Bordet pidi\u00f3 mecanismos eficaces y mayor articulaci\u00f3n entre los poderes del Estado"},"content":{"rendered":"<p><em><strong>El gobernador Gustavo Bordet acord\u00f3 con los titulares de los tres Poderes del Estado provincial, legisladores, ministros, y funcionarios avanzar en la convocatoria y articulaci\u00f3n con los municipios \u201cque son el primer eslab\u00f3n en la democracia\u201d para erradicar la violencia de g\u00e9nero, y la implementaci\u00f3n de medidas como tobilleras para los agresores. Se intensificar\u00e1 adem\u00e1s el trabajo de sensibilizaci\u00f3n hacia el interior de la Polic\u00eda de Entre R\u00edos y en el \u00e1mbito educativo<\/strong><\/em><\/p>\n<p>&nbsp;<\/p>\n<p>&nbsp;<\/p>\n<p>&nbsp;<\/p>\n<p>&nbsp;<\/p>\n<p>&nbsp;<\/p>\n<p>\u201cEntendemos que hay que encontrar una mayor articulaci\u00f3n, y para esto tuvimos esta reuni\u00f3n: para poder tener un tratamiento con mucha seriedad, con mucha responsabilidad y encontrar mecanismos eficaces tendientes a evitar que sucesos de esta naturaleza puedan seguir produci\u00e9ndose en la provincia y evitarlo con medidas de prevenci\u00f3n\u201d, enfatiz\u00f3 al t\u00e9rmino del encuentro el mandatario entrerriano.<\/p>\n<p>&nbsp;<\/p>\n<p>Bordet estuvo acompa\u00f1ado por el vicegobernador y presidente del Senado, Adan Bahl, la presidenta del Superior Tribunal de Justicia, Claudia Mizawak y legisladores de todos los bloques, ministros y funcionarios.<\/p>\n<p>&nbsp;<\/p>\n<p>En ese marco habl\u00f3 de \u201cdarnos una tarea de articulaci\u00f3n con los municipios, que es el eslab\u00f3n en la democracia m\u00e1s cercano a los problemas que tiene la comunidad y donde se receptan muchas veces inquietudes. Necesariamente el intendente tiene que tener en sus equipos tambi\u00e9n un \u00e1rea destinada para poder llevar adelante este trabajo armonizado\u201d.<\/p>\n<p>&nbsp;<\/p>\n<p>El mandatario resalt\u00f3 en varias oportunidades la necesidad de \u201cir hacia el cambio en la matriz cultural\u201d, y sostuvo que \u201cvamos a profundizarlo con m\u00e1s y mejor difusi\u00f3n para poder llegar a que la sociedad pueda internalizarlo en su conjunto\u201d.<\/p>\n<p>&nbsp;<\/p>\n<p>Otro de los puntos salientes del encuentro fue \u201cla articulaci\u00f3n desde el Estado y entre los tres poderes para, desde ah\u00ed, convocar al resto de las instituciones que trabajan en la materia\u201d, se\u00f1al\u00f3 Bordet en referencia a las organizaciones sociales.<\/p>\n<p>&nbsp;<\/p>\n<p>Participaron tambi\u00e9n del encuentro, el titular del Ministerio P\u00fablico Fiscal, Jorge Garc\u00eda, el Defensor General de la provincia, Maximiliano Ben\u00edtez, la senadora nacional Sigrid Kunath, los ministros de Gobierno, Mauro Urribarri, y de Desarrollo Social, Laura Stratta, el vicepresidente primero de la C\u00e1mara de Diputados, Juan Navarro, la presidenta del Consejo Provincial del Ni\u00f1o, el Adolescente y la Familia, (Copnaf), Marisa Paira, los presidentes de los bloques de diputados del Frente Justicialista Para la Victoria, Juan Jos\u00e9 Bahillo, de Cambiemos, Sergio Kneetman, de Uni\u00f3n Popular, Alejandro Bahler, y sus pares en el Senado, \u00c1ngel Giano y Raimundo Kisser.<\/p>\n<p>&nbsp;<\/p>\n<p>&nbsp;<\/p>\n<p>&nbsp;<\/p>\n<p>&nbsp;<\/p>\n<p>&nbsp;<\/p>\n<p><strong>Optimizaci\u00f3n de los recursos <\/strong><\/p>\n<p>\u201cHay un presupuesto muy grande destinado a trabajar en materia de violencia\u201d explic\u00f3 Bordet al ser consultado, y agreg\u00f3: \u201ctenemos que lograr una aplicaci\u00f3n correcta y concreta de este recursos. De esto es lo que se habl\u00f3 en la reuni\u00f3n de ver c\u00f3mo lo logramos y c\u00f3mo lo gestionamos\u201d.<\/p>\n<p>&nbsp;<\/p>\n<p>En ese sentido, resalt\u00f3 que \u201chay municipios que han hecho inversiones, como el caso de Col\u00f3n, que ha construido un refugio, para poner un ejemplo. Hay muchos otros refugios en distintos lugares. Ahora, no alcanza solamente con los edificios, no alcanza solamente con los profesionales, hay que trabajar en articulaci\u00f3n y en la optimizaci\u00f3n de esos recursos\u201d.<\/p>\n<p>&nbsp;<\/p>\n<p>En di\u00e1logo con la prensa, Bordet sostuvo que &#8220;la Polic\u00eda de Entre R\u00edos viene trabajando de manera correcta&#8221; y destac\u00f3 el trabajo conjunto con \u201cel Poder Judicial, a trav\u00e9s de sus fiscales y defensores, que trabajan r\u00e1pidamente en esta materia\u201d. \u201cLa mayor\u00eda de los casos se han resuelto favorablemente, pero cuando hay un caso nos conmociona&#8221;, sostuvo.<\/p>\n<p>&nbsp;<\/p>\n<p>&nbsp;<\/p>\n<p>&nbsp;<\/p>\n<p>&nbsp;<\/p>\n<p>&nbsp;<\/p>\n<p><strong>Aplicaci\u00f3n de tecnolog\u00eda <\/strong><\/p>\n<p>Adem\u00e1s, Bordet explic\u00f3 que \u201cse aplicar\u00e1 la tecnolog\u00eda a la prevenci\u00f3n de estos delitos\u201d . En esa l\u00ednea habl\u00f3 de la implementaci\u00f3n del bot\u00f3n antip\u00e1nico: &#8220;se har\u00e1 del mismo modo que se har\u00e1 con las tobilleras en las que se est\u00e1 trabajando, en articulaci\u00f3n con el 911. Es muy importante que podamos dar este salto en la provincia de Entre R\u00edos con este tipo de tecnolog\u00eda\u201d.<\/p>\n<p>&nbsp;<\/p>\n<p>&nbsp;<\/p>\n<p>&nbsp;<\/p>\n<p>&nbsp;<\/p>\n<p>&nbsp;<\/p>\n<p><strong>Emergencia <\/strong><\/p>\n<p>Respecto a la declaraci\u00f3n de una ley de emergencia en violencia de g\u00e9nero, Bordet dijo que fue conversado con los legisladores durante la reuni\u00f3n, y que &#8220;no se puede trabajar aisladamente\u201d.<\/p>\n<p>&nbsp;<\/p>\n<p>\u201cA mi entender hay que abordarlo con el Estado nacional en el que tambi\u00e9n hay un planteo de esta naturaleza. Hoy hay que buscar medidas que sean eficaces y que generen una mejor resoluci\u00f3n de estas situaciones. Me preocupa mucho m\u00e1s el ir hacia el problema y su resoluci\u00f3n &#8220;, concluy\u00f3.<\/p>\n<p>&nbsp;<\/p>\n<p>&nbsp;<\/p>\n<p>&nbsp;<\/p>\n<p>&nbsp;<\/p>\n<p>&nbsp;<\/p>\n<p><strong>Articulaci\u00f3n con el Poder Judicial <\/strong><\/p>\n<p>A su turno, el Fiscal General, Jorge Garc\u00eda coincidi\u00f3 con el gobernador \u201cen la necesidad de articular redes que es lo que la ciencia nos viene indicando desde hace tiempo, pero todav\u00eda nos falta trabajar en conjunto en todos los que estamos en esta tem\u00e1tica y en mejorar todas aquellas cuestiones mejorables. A sabiendas de que uno est\u00e9 trabajando lo mejor posible es imposible evitar situaciones como las que desgraciadamente han ocurrido, m\u00e1s all\u00e1 que se aplique el derecho penal y haya penas de perpetua y todo este tipo de cosas&#8221;, consider\u00f3.<\/p>\n<p>&nbsp;<\/p>\n<p>El funcionario judicial indic\u00f3 luego que &#8220;hay muchas iniciativas que van en el mismo sentido que dice el gobernador\u201d y mencion\u00f3 \u201cla reforma del Fuero de Familia para transformarlo en un fuero oral donde se tramite r\u00e1pidamente parte de los problemas que tienen que ver con esto. La optimizaci\u00f3n en cuanto a la aplicaci\u00f3n de distintas normativas de violencia de familia, violencia de g\u00e9nero con lugares o sectores que centralicen la problem\u00e1tica. Por ejemplo, todas estas iniciativas de alternativas de control como el bot\u00f3n antip\u00e1nico y pulseras que tambi\u00e9n se trabaja para que no sean solamente una medida formal, sino que realmente pueda evitar con las v\u00edctimas&#8221;, precis\u00f3.<\/p>\n<p>&nbsp;<\/p>\n<p>En el mismo sentido, el defensor general, Maximiliano Ben\u00edtez calific\u00f3 como \u201cmuy buena\u201d la reuni\u00f3n y agradeci\u00f3 \u201cla convocatoria del se\u00f1or gobernador\u201d. Destac\u00f3 la presencia de \u201clos tres poderes del Estado, y todas las fuerzas representadas en el parlamento de la provincia\u201d.<\/p>\n<p>&nbsp;<\/p>\n<p>Adem\u00e1s, analiz\u00f3 que \u201ctodos estuvimos de acuerdo que se ha trabajado y mucho sobre esta tem\u00e1tica en los \u00faltimos a\u00f1os, pero evidentemente hay que seguir trabajando apuntando a realizar la coordinaci\u00f3n entre los distintos recursos que existen en la provincia, y hacer los mayores esfuerzos para que estos hechos no ocurran m\u00e1s\u201d.<\/p>\n","protected":false},"excerpt":{"rendered":"<p>El gobernador Gustavo Bordet acord\u00f3 con los titulares de los tres Poderes del Estado provincial, legisladores, ministros, y funcionarios avanzar en la convocatoria y articulaci\u00f3n con los municipios \u201cque son el primer eslab\u00f3n en la democracia\u201d para erradicar la violencia de g\u00e9nero, y la implementaci\u00f3n de medidas como tobilleras para los agresores. Se intensificar\u00e1 adem\u00e1s el trabajo de sensibilizaci\u00f3n hacia el interior de la Polic\u00eda de Entre R\u00edos y en el \u00e1mbito educativo &nbsp; &nbsp; &nbsp; &nbsp; &nbsp; \u201cEntendemos que hay que encontrar una mayor articulaci\u00f3n, y para esto tuvimos&#8230;<\/p>\n","protected":false},"author":3,"featured_media":4202,"comment_status":"closed","ping_status":"closed","sticky":false,"template":"","format":"standard","meta":[],"categories":[9],"tags":[],"_links":{"self":[{"href":"https:\/\/www.actualidadadiario.com\/index.php\/wp-json\/wp\/v2\/posts\/4201"}],"collection":[{"href":"https:\/\/www.actualidadadiario.com\/index.php\/wp-json\/wp\/v2\/posts"}],"about":[{"href":"https:\/\/www.actualidadadiario.com\/index.php\/wp-json\/wp\/v2\/types\/post"}],"author":[{"embeddable":true,"href":"https:\/\/www.actualidadadiario.com\/index.php\/wp-json\/wp\/v2\/users\/3"}],"replies":[{"embeddable":true,"href":"https:\/\/www.actualidadadiario.com\/index.php\/wp-json\/wp\/v2\/comments?post=4201"}],"version-history":[{"count":1,"href":"https:\/\/www.actualidadadiario.com\/index.php\/wp-json\/wp\/v2\/posts\/4201\/revisions"}],"predecessor-version":[{"id":4203,"href":"https:\/\/www.actualidadadiario.com\/index.php\/wp-json\/wp\/v2\/posts\/4201\/revisions\/4203"}],"wp:featuredmedia":[{"embeddable":true,"href":"https:\/\/www.actualidadadiario.com\/index.php\/wp-json\/wp\/v2\/media\/4202"}],"wp:attachment":[{"href":"https:\/\/www.actualidadadiario.com\/index.php\/wp-json\/wp\/v2\/media?parent=4201"}],"wp:term":[{"taxonomy":"category","embeddable":true,"href":"https:\/\/www.actualidadadiario.com\/index.php\/wp-json\/wp\/v2\/categories?post=4201"},{"taxonomy":"post_tag","embeddable":true,"href":"https:\/\/www.actualidadadiario.com\/index.php\/wp-json\/wp\/v2\/tags?post=4201"}],"curies":[{"name":"wp","href":"https:\/\/api.w.org\/{rel}","templated":true}]}}