{"id":4195,"date":"2016-11-09T09:15:20","date_gmt":"2016-11-09T12:15:20","guid":{"rendered":"http:\/\/actualidadadiario.com\/site\/?p=4195"},"modified":"2016-11-09T09:15:20","modified_gmt":"2016-11-09T12:15:20","slug":"el-fiscal-de-luca-pidio-desestimar-la-denuncia-de-nisman-contra-cristina","status":"publish","type":"post","link":"https:\/\/www.actualidadadiario.com\/index.php\/2016\/11\/09\/el-fiscal-de-luca-pidio-desestimar-la-denuncia-de-nisman-contra-cristina\/","title":{"rendered":"El fiscal De Luca pidi\u00f3 desestimar la denuncia de Nisman contra Cristina"},"content":{"rendered":"<p><em><strong>El fiscal Javier De Luca pidi\u00f3 desestimar la denuncia que hab\u00eda hecho el fallecido fiscal Alberto Nisman por encubrimiento del atentado contra la AMIA contra Cristina Kirchner y H\u00e9ctor Timerman<\/strong><\/em><\/p>\n<p>&nbsp;<\/p>\n<p>&nbsp;<\/p>\n<p>&nbsp;<\/p>\n<p>El fiscal de Casaci\u00f3n Javier De Luca volvi\u00f3 a pedir que se desestime la denuncia que hab\u00eda hecho Alberto Nisman antes de su fallecimiento por encubrimiento del atentado contra la AMIA contra Cristina Kirchner y otros funcionarios de su gobierno. El funcionario judicial ratific\u00f3 la &#8220;inexistencia de delito&#8221;.<\/p>\n<p>&nbsp;<\/p>\n<p>Ante el nuevo pedido de reapertura del caso, De Luca ratific\u00f3 la inexistencia de delito, tal como lo sostuvieron el juez Daniel Rafecas y la C\u00e1mara Federal.<\/p>\n<p>&nbsp;<\/p>\n<p>A pesar del pedido del fiscal, el caso ser\u00e1 analizado por Casaci\u00f3n porque esta vez la DAIA, que pretende ser querellante, est\u00e1 pidiendo que la causa se abra. Lo que deber\u00e1 resolver la C\u00e1mara Federal de Casaci\u00f3n Penal es si confirma o no la decisi\u00f3n de la Sala I de la Camara Federal, que ratific\u00f3 el fallo del juez Daniel Rafecas rachazando la reapertura de la investigaci\u00f3n impulsada por el fiscal Nisman.<\/p>\n<p>&nbsp;<\/p>\n<p>Ante la apelaci\u00f3n del fiscal German Moldes y de la DAIA, que pretende ser querellante en el caso, los jueces Jorge Ballestero y Eduardo Freiler decidieron admitir los recursos para que Casaci\u00f3n Penal resuelva la cuesti\u00f3n.<\/p>\n<p>&nbsp;<\/p>\n<p>Ahora, con el dictamen del fiscal en mano, la Sala I de la C\u00e1mara de Casaci\u00f3n Penal deber\u00e1 definir si la DAIA puede actuar como querellante y si corresponde reabrir la investigaci\u00f3n por la denuncia que hizo Alberto Nisman en enero del 2015 antes de morir.<\/p>\n","protected":false},"excerpt":{"rendered":"<p>El fiscal Javier De Luca pidi\u00f3 desestimar la denuncia que hab\u00eda hecho el fallecido fiscal Alberto Nisman por encubrimiento del atentado contra la AMIA contra Cristina Kirchner y H\u00e9ctor Timerman &nbsp; &nbsp; &nbsp; El fiscal de Casaci\u00f3n Javier De Luca volvi\u00f3 a pedir que se desestime la denuncia que hab\u00eda hecho Alberto Nisman antes de su fallecimiento por encubrimiento del atentado contra la AMIA contra Cristina Kirchner y otros funcionarios de su gobierno. El funcionario judicial ratific\u00f3 la &#8220;inexistencia de delito&#8221;. &nbsp; Ante el nuevo pedido de reapertura del caso,&#8230;<\/p>\n","protected":false},"author":3,"featured_media":4196,"comment_status":"closed","ping_status":"closed","sticky":false,"template":"","format":"standard","meta":[],"categories":[18],"tags":[],"_links":{"self":[{"href":"https:\/\/www.actualidadadiario.com\/index.php\/wp-json\/wp\/v2\/posts\/4195"}],"collection":[{"href":"https:\/\/www.actualidadadiario.com\/index.php\/wp-json\/wp\/v2\/posts"}],"about":[{"href":"https:\/\/www.actualidadadiario.com\/index.php\/wp-json\/wp\/v2\/types\/post"}],"author":[{"embeddable":true,"href":"https:\/\/www.actualidadadiario.com\/index.php\/wp-json\/wp\/v2\/users\/3"}],"replies":[{"embeddable":true,"href":"https:\/\/www.actualidadadiario.com\/index.php\/wp-json\/wp\/v2\/comments?post=4195"}],"version-history":[{"count":1,"href":"https:\/\/www.actualidadadiario.com\/index.php\/wp-json\/wp\/v2\/posts\/4195\/revisions"}],"predecessor-version":[{"id":4197,"href":"https:\/\/www.actualidadadiario.com\/index.php\/wp-json\/wp\/v2\/posts\/4195\/revisions\/4197"}],"wp:featuredmedia":[{"embeddable":true,"href":"https:\/\/www.actualidadadiario.com\/index.php\/wp-json\/wp\/v2\/media\/4196"}],"wp:attachment":[{"href":"https:\/\/www.actualidadadiario.com\/index.php\/wp-json\/wp\/v2\/media?parent=4195"}],"wp:term":[{"taxonomy":"category","embeddable":true,"href":"https:\/\/www.actualidadadiario.com\/index.php\/wp-json\/wp\/v2\/categories?post=4195"},{"taxonomy":"post_tag","embeddable":true,"href":"https:\/\/www.actualidadadiario.com\/index.php\/wp-json\/wp\/v2\/tags?post=4195"}],"curies":[{"name":"wp","href":"https:\/\/api.w.org\/{rel}","templated":true}]}}