{"id":4192,"date":"2016-11-09T09:14:27","date_gmt":"2016-11-09T12:14:27","guid":{"rendered":"http:\/\/actualidadadiario.com\/site\/?p=4192"},"modified":"2016-11-09T09:14:27","modified_gmt":"2016-11-09T12:14:27","slug":"segundo-semestre-la-inversion-publica-cae-35-y-no-repunta","status":"publish","type":"post","link":"https:\/\/www.actualidadadiario.com\/index.php\/2016\/11\/09\/segundo-semestre-la-inversion-publica-cae-35-y-no-repunta\/","title":{"rendered":"Segundo semestre: la inversi\u00f3n p\u00fablica cae 35% y no repunta"},"content":{"rendered":"<p><em><strong>Las transferencias para las provincias se redujeron en t\u00e9rminos nominales y la tendencia no ha cambiado desde julio<\/strong><\/em><\/p>\n<p>&nbsp;<\/p>\n<p>&nbsp;<\/p>\n<p>&nbsp;<\/p>\n<p>&nbsp;<\/p>\n<p>Pese a que la segunda mitad del a\u00f1o era el momento en el cual el pa\u00eds &#8220;comenzaba a arrancar&#8221;, los n\u00fameros dicen lo contrario y el para\u00edso prometido todav\u00eda queda lejos. La inversi\u00f3n p\u00fablica es un caso: entre 2015 y 2016, la misma cay\u00f3 35%.<\/p>\n<p>&nbsp;<\/p>\n<p>La cifra surge de los datos que posee el Ministerio de Hacienda y Finanzas que comanda Alfonso Prat-Gay. Entre enero y septiembre, se transfirieron a las provincias $125.658 millones destinados a obra p\u00fablica, cuando en el mismo per\u00edodo de 2015 ese n\u00famero ascendi\u00f3 a $127.404 millones, un 1,4% menos de un a\u00f1o a otro sin tener en cuenta el efecto de la inflaci\u00f3n.<\/p>\n<p>&nbsp;<\/p>\n<p>Seg\u00fan precis\u00f3 el sitio Iprofesional, si se tomara en cuenta el alza de precios del \u00faltimo a\u00f1o, la ca\u00edda en t\u00e9rminos reales llega a 29,5%.<\/p>\n<p>&nbsp;<\/p>\n<p>La tendencia se mantiene en los \u00faltimos meses, a pesar que desde el Gobierno sostuvieron que esto ocurri\u00f3 solo en los primeros meses, cuando pusieron en revisi\u00f3n todas las adjudicaciones otorgadas por el kirchnerismo y subejecutaron el presupuesto destinado a tal fin. En septiembre de ese a\u00f1o, \u00faltimo dato disponible, las transferencias a provincias llegaron a $13.888 millones, contra los $15.270 millones del mismo mes del a\u00f1o pasado. Otra vez, una ca\u00edda nominal que se acent\u00faa con la inflaci\u00f3n. En este caso, del 35%.<\/p>\n","protected":false},"excerpt":{"rendered":"<p>Las transferencias para las provincias se redujeron en t\u00e9rminos nominales y la tendencia no ha cambiado desde julio &nbsp; &nbsp; &nbsp; &nbsp; Pese a que la segunda mitad del a\u00f1o era el momento en el cual el pa\u00eds &#8220;comenzaba a arrancar&#8221;, los n\u00fameros dicen lo contrario y el para\u00edso prometido todav\u00eda queda lejos. La inversi\u00f3n p\u00fablica es un caso: entre 2015 y 2016, la misma cay\u00f3 35%. &nbsp; La cifra surge de los datos que posee el Ministerio de Hacienda y Finanzas que comanda Alfonso Prat-Gay. Entre enero y septiembre,&#8230;<\/p>\n","protected":false},"author":3,"featured_media":4193,"comment_status":"closed","ping_status":"closed","sticky":false,"template":"","format":"standard","meta":[],"categories":[2],"tags":[],"_links":{"self":[{"href":"https:\/\/www.actualidadadiario.com\/index.php\/wp-json\/wp\/v2\/posts\/4192"}],"collection":[{"href":"https:\/\/www.actualidadadiario.com\/index.php\/wp-json\/wp\/v2\/posts"}],"about":[{"href":"https:\/\/www.actualidadadiario.com\/index.php\/wp-json\/wp\/v2\/types\/post"}],"author":[{"embeddable":true,"href":"https:\/\/www.actualidadadiario.com\/index.php\/wp-json\/wp\/v2\/users\/3"}],"replies":[{"embeddable":true,"href":"https:\/\/www.actualidadadiario.com\/index.php\/wp-json\/wp\/v2\/comments?post=4192"}],"version-history":[{"count":1,"href":"https:\/\/www.actualidadadiario.com\/index.php\/wp-json\/wp\/v2\/posts\/4192\/revisions"}],"predecessor-version":[{"id":4194,"href":"https:\/\/www.actualidadadiario.com\/index.php\/wp-json\/wp\/v2\/posts\/4192\/revisions\/4194"}],"wp:featuredmedia":[{"embeddable":true,"href":"https:\/\/www.actualidadadiario.com\/index.php\/wp-json\/wp\/v2\/media\/4193"}],"wp:attachment":[{"href":"https:\/\/www.actualidadadiario.com\/index.php\/wp-json\/wp\/v2\/media?parent=4192"}],"wp:term":[{"taxonomy":"category","embeddable":true,"href":"https:\/\/www.actualidadadiario.com\/index.php\/wp-json\/wp\/v2\/categories?post=4192"},{"taxonomy":"post_tag","embeddable":true,"href":"https:\/\/www.actualidadadiario.com\/index.php\/wp-json\/wp\/v2\/tags?post=4192"}],"curies":[{"name":"wp","href":"https:\/\/api.w.org\/{rel}","templated":true}]}}