{"id":4186,"date":"2016-11-09T09:13:00","date_gmt":"2016-11-09T12:13:00","guid":{"rendered":"http:\/\/actualidadadiario.com\/site\/?p=4186"},"modified":"2016-11-09T09:13:00","modified_gmt":"2016-11-09T12:13:00","slug":"por-caida-del-consumo-preven-que-seran-austeras-las-fiestas-de-fin-de-ano","status":"publish","type":"post","link":"https:\/\/www.actualidadadiario.com\/index.php\/2016\/11\/09\/por-caida-del-consumo-preven-que-seran-austeras-las-fiestas-de-fin-de-ano\/","title":{"rendered":"Por ca\u00edda del consumo, prev\u00e9n que ser\u00e1n &#8220;austeras&#8221; las fiestas de fin de a\u00f1o"},"content":{"rendered":"<p><em><strong>Las ventas minoristas no se recuperan. Seg\u00fan la C\u00e1mara Argentina de la Mediana Empresa (CAME), en octubre cay\u00f3 8,2% en la comparaci\u00f3n interanual, sumando as\u00ed d\u00e9cimo mes consecutivo en baja, por lo que desde el sector ya anticipan que las fiestas de fin de a\u00f1o ser\u00e1n, al menos, &#8220;austeras&#8221;<\/strong><\/em><\/p>\n<p>&nbsp;<\/p>\n<p>&nbsp;<\/p>\n<p>&nbsp;<\/p>\n<p>&nbsp;<\/p>\n<p>&nbsp;<\/p>\n<p>&#8220;Creo que vamos a tener fiestas de fin de a\u00f1o muy austeras. Va a afectar al sector comercial que necesita de las ventas de fin de a\u00f1o para recuperar parte de lo que perdi\u00f3&#8221;, advirti\u00f3 en di\u00e1logo con Radio 10 el vocero de CAME, Vicente Lourenzo.<\/p>\n<p>&nbsp;<\/p>\n<p>Lourenzo afirm\u00f3 que &#8220;lo m\u00e1s preocupante es lo que vivimos estos 10 meses de 2016, que es de 7 puntos de ca\u00edda acumulada&#8221;. &#8220;Esto significa que el mantenimiento de una ca\u00edda de ventas permanente est\u00e1 generando un problema para los comercios que no tienen espalda para hacer frente a la crisis est\u00e9n tomando decisiones de cierre&#8221;, alert\u00f3 al insistir con que ya se registraron al menos 6.300 locales que cerraron su actividad.<\/p>\n<p>&nbsp;<\/p>\n<p>Seg\u00fan CAME, la baja de las ventas minoristas m\u00e1s profunda se dio en los rubros de electrodom\u00e9sticos y electr\u00f3nicos.<\/p>\n<p>&nbsp;<\/p>\n<p>&#8220;La venta ilegal en la v\u00eda p\u00fablica complic\u00f3 al comercio minorista en muchas ciudades del pa\u00eds y ofreciendo precios m\u00e1s atractivos porque no pagan impuestos ni otras obligaciones formales, manteros y puesteros de &#8220;saladitas&#8221; aprovecharon el contexto para captar compras&#8221;, expres\u00f3 el an\u00e1lisis de CAME para explicar el comportamiento del consumo entre octubre de este a\u00f1o y del 2016.<\/p>\n<p>&nbsp;<\/p>\n<p>En un comunicado, la entidad sostuvo que, con la baja interanual de octubre en las cantidades vendidas, en lo que va del a\u00f1o las ca\u00eddas acumuladas promedian el 7% promedio.<\/p>\n<p>&nbsp;<\/p>\n<p>El informe se\u00f1ala que el de octubre es el d\u00e9cimo per\u00edodo consecutivo en que las ventas se retraen y, lejos de recuperarse en el segundo semestre como se anticipaba a principios de a\u00f1o, las ca\u00eddas se fueron acentuando mes a mes dejando a los comercios en una situaci\u00f3n delicada.<\/p>\n<p>&nbsp;<\/p>\n<p>&#8220;Octubre fue levemente mejor que septiembre porque naturalmente es un mes donde la venta suele levantar un poco, pero muy lejos de los niveles esperados. Hubo poca gente mirando y comprando&#8221;, describe el escrito.<\/p>\n<p>&nbsp;<\/p>\n<p>Agreg\u00f3 que &#8220;las posibilidades de financiamiento que ofreci\u00f3 el mercado tampoco alcanzaron para reactivar la venta porque la gente tiene las tarjetas muy cargadas y evit\u00f3 endeudarse. Eso se sinti\u00f3 especialmente en el consumo de bienes durables y semi-durables, donde las operaciones cayeron considerablemente&#8221;, indic\u00f3 CAME.<\/p>\n<p>&nbsp;<\/p>\n<p>Al enumerar la ca\u00eddas anuales m\u00e1s pronunciadas en el mes, la CAME cit\u00f3 a rubros como electrodom\u00e9sticos y art\u00edculos electr\u00f3nicos (-13,9%); ferreter\u00edas (-12,4%); materiales el\u00e9ctricos (-11,2%); materiales para la construcci\u00f3n (-10,7%); textil e indumentaria (-9,7%) y bazar y regalos (-9,7%) y textil-blanco (-9,4%).<\/p>\n<p>&nbsp;<\/p>\n<p>&#8220;Octubre fue tranquilo, las ventas s\u00f3lo repuntaron durante la semana previa al D\u00eda de la Madre. Sin embargo, la fecha fue muy moderada por la falta de poder adquisitivo de las familias y las facturaciones finalizaron muy por debajo del D\u00eda de la Madre del a\u00f1o pasado&#8221;, se\u00f1ala el comunicado.<\/p>\n<p>&nbsp;<\/p>\n<p>Por su parte, el presidente de INDECOM, Miguel Calvete, explic\u00f3 que las grandes empresas &#8220;decidieron reducir sus vol\u00famenes de producci\u00f3n entre un 7 y un 10 %, motivados por la importante ca\u00edda en el consumo que se registr\u00f3 durante todo el a\u00f1o&#8221;.<\/p>\n<p>&nbsp;<\/p>\n<p>&#8220;Por eso, las industrias calculan que los consumidores ser\u00e1n igual o m\u00e1s austeros en sus compras que en 2015, motivados por la p\u00e9rdida de poder adquisitivo que sufrieron los salarios&#8221;, a\u00f1adi\u00f3.<\/p>\n<p>&nbsp;<\/p>\n<p>El dirigente coment\u00f3 que &#8220;en el caso de las peque\u00f1as y medianas industrias, mantienen, en general, los niveles de producci\u00f3n de a\u00f1os anteriores porque especulan con los cambios en los h\u00e1bitos de consumo, con muchos m\u00e1s consumidores optando por productos de segundas marcas&#8221;.<\/p>\n<p>&nbsp;<\/p>\n<p>Calvete vaticin\u00f3 que &#8220;en los pr\u00f3ximos 45 d\u00edas se har\u00e1n compras m\u00e1s reducidas, con un crecimiento en el consumo de marcas alternativas y la adquisici\u00f3n de productos en comercios mayoristas, dado que durante este a\u00f1o, las ventas en esos canales ya aumentaron un 21,6 %&#8221;.<\/p>\n<p>&nbsp;<\/p>\n<p>Los precios de la canasta navide\u00f1a reflejar\u00e1n este a\u00f1o una suba de alrededor del 39% promedio respecto a 2015. As\u00ed lo revel\u00f3 un informe difundido hoy por el Instituto de Estudios de Consumo Masivo (INDECOM), tomando como referencia datos de las empresas productoras de alimentos y bebidas que m\u00e1s se consumen durante las Fiestas de fin de a\u00f1o.<\/p>\n","protected":false},"excerpt":{"rendered":"<p>Las ventas minoristas no se recuperan. Seg\u00fan la C\u00e1mara Argentina de la Mediana Empresa (CAME), en octubre cay\u00f3 8,2% en la comparaci\u00f3n interanual, sumando as\u00ed d\u00e9cimo mes consecutivo en baja, por lo que desde el sector ya anticipan que las fiestas de fin de a\u00f1o ser\u00e1n, al menos, &#8220;austeras&#8221; &nbsp; &nbsp; &nbsp; &nbsp; &nbsp; &#8220;Creo que vamos a tener fiestas de fin de a\u00f1o muy austeras. Va a afectar al sector comercial que necesita de las ventas de fin de a\u00f1o para recuperar parte de lo que perdi\u00f3&#8221;, advirti\u00f3 en&#8230;<\/p>\n","protected":false},"author":3,"featured_media":4187,"comment_status":"closed","ping_status":"closed","sticky":false,"template":"","format":"standard","meta":[],"categories":[2],"tags":[],"_links":{"self":[{"href":"https:\/\/www.actualidadadiario.com\/index.php\/wp-json\/wp\/v2\/posts\/4186"}],"collection":[{"href":"https:\/\/www.actualidadadiario.com\/index.php\/wp-json\/wp\/v2\/posts"}],"about":[{"href":"https:\/\/www.actualidadadiario.com\/index.php\/wp-json\/wp\/v2\/types\/post"}],"author":[{"embeddable":true,"href":"https:\/\/www.actualidadadiario.com\/index.php\/wp-json\/wp\/v2\/users\/3"}],"replies":[{"embeddable":true,"href":"https:\/\/www.actualidadadiario.com\/index.php\/wp-json\/wp\/v2\/comments?post=4186"}],"version-history":[{"count":1,"href":"https:\/\/www.actualidadadiario.com\/index.php\/wp-json\/wp\/v2\/posts\/4186\/revisions"}],"predecessor-version":[{"id":4188,"href":"https:\/\/www.actualidadadiario.com\/index.php\/wp-json\/wp\/v2\/posts\/4186\/revisions\/4188"}],"wp:featuredmedia":[{"embeddable":true,"href":"https:\/\/www.actualidadadiario.com\/index.php\/wp-json\/wp\/v2\/media\/4187"}],"wp:attachment":[{"href":"https:\/\/www.actualidadadiario.com\/index.php\/wp-json\/wp\/v2\/media?parent=4186"}],"wp:term":[{"taxonomy":"category","embeddable":true,"href":"https:\/\/www.actualidadadiario.com\/index.php\/wp-json\/wp\/v2\/categories?post=4186"},{"taxonomy":"post_tag","embeddable":true,"href":"https:\/\/www.actualidadadiario.com\/index.php\/wp-json\/wp\/v2\/tags?post=4186"}],"curies":[{"name":"wp","href":"https:\/\/api.w.org\/{rel}","templated":true}]}}