{"id":4183,"date":"2016-11-09T09:12:03","date_gmt":"2016-11-09T12:12:03","guid":{"rendered":"http:\/\/actualidadadiario.com\/site\/?p=4183"},"modified":"2016-11-09T09:12:03","modified_gmt":"2016-11-09T12:12:03","slug":"el-ipc-congreso-salto-al-29-durante-octubre","status":"publish","type":"post","link":"https:\/\/www.actualidadadiario.com\/index.php\/2016\/11\/09\/el-ipc-congreso-salto-al-29-durante-octubre\/","title":{"rendered":"El IPC Congreso salt\u00f3 al 2,9% durante octubre"},"content":{"rendered":"<p><em><strong>La inflaci\u00f3n de octubre lleg\u00f3 al 2,9% por la influencia del incremento en las tarifas, seg\u00fan las mediciones realizadas por consultoras privadas que fueron difundidas hoy por legisladores en el Congreso<\/strong><\/em><\/p>\n<p>&nbsp;<\/p>\n<p>&nbsp;<\/p>\n<p>&nbsp;<\/p>\n<p>&nbsp;<\/p>\n<p>&nbsp;<\/p>\n<p>El dato fue publicado por el equipo econ\u00f3mico del bloque Frente Renovador-UNA, encabezado por el diputado Marco Lavagna, junto a otros espacios, como el GEN, Libres del Sur y el partido Socialista.<\/p>\n<p>&nbsp;<\/p>\n<p>Indicaron que el n\u00famero correspondiente a la inflaci\u00f3n mensual de octubre alcanz\u00f3 el 2,9%, lo cual signific\u00f3 el registro m\u00e1s elevado desde junio, tras dos meses de inflaci\u00f3n por debajo de 1%.<\/p>\n<p>&nbsp;<\/p>\n<p>En los primeros diez meses del a\u00f1o en curso, la inflaci\u00f3n acumul\u00f3 un 35,6%, al llegar un promedio mensual de 3,1%, mientras que en t\u00e9rminos interanuales, alcanz\u00f3 el 43,9%. Desde diciembre de 2015 la inflaci\u00f3n acumul\u00f3 un 40,7%, al mostrar un promedio mensual de 3,2%.<\/p>\n<p>&nbsp;<\/p>\n<p>El an\u00e1lisis puntualiz\u00f3 que &#8220;la aplicaci\u00f3n de los nuevos cuadros tarifarios impact\u00f3 muy fuerte en el rubro Vivienda y Servicios P\u00fablicos, que creci\u00f3 m\u00e1s de 9%, y agreg\u00f3 1,2 puntos al nivel general&#8221;. Aclar\u00f3, de ese modo, que &#8220;sin el efecto tarifas, la inflaci\u00f3n hubiera sido de 1,6%&#8221;.<\/p>\n<p>&nbsp;<\/p>\n<p>Seg\u00fan el informe, el segmento de alimentos y bebidas aument\u00f3 en torno a 1,4%, por lo cual advirti\u00f3: &#8220;Esto muestra que la batalla de la inflaci\u00f3n est\u00e1 lejos de ser ganada, y no debe perder prioridad en la agenda de la pol\u00edtica econ\u00f3mica&#8221;.<\/p>\n<p>&nbsp;<\/p>\n<p>&#8220;Por esta raz\u00f3n, la medici\u00f3n interanual de la inflaci\u00f3n se ubica 15,8 puntos por encima de fines de 2015 y 18,7 puntos por encima del nivel que ten\u00eda un a\u00f1o atr\u00e1s&#8221;, calcul\u00f3.<\/p>\n<p>&nbsp;<\/p>\n<p>La publicaci\u00f3n fue realizada por los diputados antes de que el INDEC difundiera el jueves el \u00cdndice de Precios al Consumidor (IPC) correspondiente a octubre.<\/p>\n<p>&nbsp;<\/p>\n<p>Los gremios de la CGT y CTA hab\u00edan estimado d\u00edas atr\u00e1s que el costo de vida aument\u00f3 2,8% durante el mes pasado, por lo cual se dispar\u00f3 hasta el 42,5% en la comparaci\u00f3n anual.<\/p>\n","protected":false},"excerpt":{"rendered":"<p>La inflaci\u00f3n de octubre lleg\u00f3 al 2,9% por la influencia del incremento en las tarifas, seg\u00fan las mediciones realizadas por consultoras privadas que fueron difundidas hoy por legisladores en el Congreso &nbsp; &nbsp; &nbsp; &nbsp; &nbsp; El dato fue publicado por el equipo econ\u00f3mico del bloque Frente Renovador-UNA, encabezado por el diputado Marco Lavagna, junto a otros espacios, como el GEN, Libres del Sur y el partido Socialista. &nbsp; Indicaron que el n\u00famero correspondiente a la inflaci\u00f3n mensual de octubre alcanz\u00f3 el 2,9%, lo cual signific\u00f3 el registro m\u00e1s elevado&#8230;<\/p>\n","protected":false},"author":3,"featured_media":4184,"comment_status":"closed","ping_status":"closed","sticky":false,"template":"","format":"standard","meta":[],"categories":[9],"tags":[],"_links":{"self":[{"href":"https:\/\/www.actualidadadiario.com\/index.php\/wp-json\/wp\/v2\/posts\/4183"}],"collection":[{"href":"https:\/\/www.actualidadadiario.com\/index.php\/wp-json\/wp\/v2\/posts"}],"about":[{"href":"https:\/\/www.actualidadadiario.com\/index.php\/wp-json\/wp\/v2\/types\/post"}],"author":[{"embeddable":true,"href":"https:\/\/www.actualidadadiario.com\/index.php\/wp-json\/wp\/v2\/users\/3"}],"replies":[{"embeddable":true,"href":"https:\/\/www.actualidadadiario.com\/index.php\/wp-json\/wp\/v2\/comments?post=4183"}],"version-history":[{"count":1,"href":"https:\/\/www.actualidadadiario.com\/index.php\/wp-json\/wp\/v2\/posts\/4183\/revisions"}],"predecessor-version":[{"id":4185,"href":"https:\/\/www.actualidadadiario.com\/index.php\/wp-json\/wp\/v2\/posts\/4183\/revisions\/4185"}],"wp:featuredmedia":[{"embeddable":true,"href":"https:\/\/www.actualidadadiario.com\/index.php\/wp-json\/wp\/v2\/media\/4184"}],"wp:attachment":[{"href":"https:\/\/www.actualidadadiario.com\/index.php\/wp-json\/wp\/v2\/media?parent=4183"}],"wp:term":[{"taxonomy":"category","embeddable":true,"href":"https:\/\/www.actualidadadiario.com\/index.php\/wp-json\/wp\/v2\/categories?post=4183"},{"taxonomy":"post_tag","embeddable":true,"href":"https:\/\/www.actualidadadiario.com\/index.php\/wp-json\/wp\/v2\/tags?post=4183"}],"curies":[{"name":"wp","href":"https:\/\/api.w.org\/{rel}","templated":true}]}}