{"id":41815,"date":"2019-03-14T11:10:15","date_gmt":"2019-03-14T14:10:15","guid":{"rendered":"https:\/\/www.actualidadadiario.com\/?p=41815"},"modified":"2019-05-06T20:54:47","modified_gmt":"2019-05-06T23:54:47","slug":"el-peor-momento-del-gobierno-la-insatisfaccion-con-la-marcha-del-pais-llega-al-78","status":"publish","type":"post","link":"https:\/\/www.actualidadadiario.com\/index.php\/2019\/03\/14\/el-peor-momento-del-gobierno-la-insatisfaccion-con-la-marcha-del-pais-llega-al-78\/","title":{"rendered":"El peor momento del gobierno, la insatisfacci\u00f3n con la marcha del pa\u00eds llega al 78%"},"content":{"rendered":"\n<p><strong><em>Lo revela la \u00faltima encuesta realizada por la Universidad de San Andr\u00e9s. Adem\u00e1s, el 65% cree que viv\u00eda mejor antes de la presidencia de Macri<\/em><\/strong><\/p>\n\n\n\n<p><\/p>\n\n\n\n<p><\/p>\n\n\n\n<p>La \u00faltima edici\u00f3n de la Encuesta de Satisfacci\u00f3n Pol\u00edtica y\nOpini\u00f3n P\u00fablica (ESPOP) de la Universidad de San Andr\u00e9s, correspondiente a\nmarzo de este a\u00f1o, refleja que el 78% de los consultados para el estudio dicen\nque est\u00e1n insatisfechos con la marcha general de la situaci\u00f3n nacional, ante el\ninicio del cuarto a\u00f1o de mandato del presidente Mauricio Macri. El trabajo, al\nque tuvo acceso Tiempo, fue realizado sobre 1006 encuestados, entre el 26 de\nfebrero y el 7 de marzo, en todo el pa\u00eds, y actualiza los datos cosechados\nmensualmente sobre imagen y aprobaci\u00f3n del Gobierno, nivel de expectativas\nsobre el futuro, principales preocupaciones para la poblaci\u00f3n, pol\u00edticos con\nmejor y peor imagen, intenci\u00f3n de voto, escenarios hipot\u00e9ticos de segunda vuelta\ny evoluci\u00f3n de indecisos.<\/p>\n\n\n\n<p>Ante la pregunta sobre el nivel de satisfacci\u00f3n el 50% dijo\nestar \u201cmuy insatisfecho\u201d y el 28% sostuvo estar \u201calgo insatisfecho\u201d, mientras\nque el 16% contest\u00f3 estar \u201calgo satisfecho\u201d y solo el 2% se mostr\u00f3 \u201cmuy\nsatisfecho\u201d. Este 18% de satisfacci\u00f3n es \u201cel valor m\u00e1s bajo registrado hasta\nahora\u201d, luego de un pico del 53% en noviembre de 2017, luego de las \u00faltimas\nelecciones de medio t\u00e9rmino.<\/p>\n\n\n\n<p>En la misma l\u00ednea de trabajo, el 63% dijo que desaprueba la\ngesti\u00f3n del presidente Mauricio Macri y s\u00f3lo el 33% la aprueba, en una nueva\ndemarcaci\u00f3n del n\u00facleo duro que sostiene a Cambiemos. En el abanico de\nrespuestas contrarias a ese grupo, el 43% dijo que &#8220;desaprueba mucho&#8221;\nla gesti\u00f3n, el 20% que \u201cdesaprueba algo\u201d, mientras que la aprobaci\u00f3n est\u00e1 entre\nun 26% que valora \u201calgo\u201d y s\u00f3lo un 7% lo pondera \u201cmucho\u201d.<\/p>\n\n\n\n<p>En los niveles socioecon\u00f3micos, el documento revela que la\ndesaprobaci\u00f3n llega al 47% en los sectores pobres, al 39% en la clase media y\nal 30% en la porci\u00f3n m\u00e1s rica de los consultados.<\/p>\n\n\n\n<p>La desaprobaci\u00f3n llega al 48% entre los encuestados de 25 a\n34 a\u00f1os, del 47% en aquellos que tienen entre 35 y 44 a\u00f1os, y del 45% en los\nj\u00f3venes de 18 a 24 a\u00f1os. En la franja de 45 a 54 a\u00f1os la desaprobaci\u00f3n baja al\n40%, en los que tienen 55 a 64 a\u00f1os al 32% y en los mayores de 65 la opini\u00f3n negativa\nvuelve a trepar al 39%.<\/p>\n\n\n\n<p>Esa geograf\u00eda de descontentos y apoyos define los siguientes\ncap\u00edtulos del trabajo.<\/p>\n\n\n\n<p>Ante la consulta sobre la satisfacci\u00f3n de las pol\u00edticas\np\u00fablicas del Ejecutivo, el 85% dijo que tiene una &#8220;total\ninsatisfacci\u00f3n&#8221; sobre la pol\u00edtica econ\u00f3mica, el 72% sobre la pol\u00edtica\nsocial, el 75% sobre la pol\u00edtica educativa, el 73% en seguridad, el 58% en\nmateria cient\u00edfica, el 66% en temas energ\u00e9ticos, el 69% en cuestiones de salud,\nel 46% en pol\u00edtica exterior y el 47% en obras p\u00fablicas e infraestructura.<\/p>\n\n\n\n<p>En sentido inverso, esa asignatura del Gobierno tiene un 47%\nde \u201ctotal satisfacci\u00f3n\u201d. Esta categor\u00eda aporta un 36% para a pol\u00edtica exterior\ny var\u00eda del 26 al 21% en los dem\u00e1s aspectos, aunque toca el piso del 11% cuando\nhabla sobre la pol\u00edtica econ\u00f3mica.<\/p>\n\n\n\n<p>Ante el pedido para que cada encuestado diga cu\u00e1les son los\nprincipales problemas que afectan al pa\u00eds, el men\u00fa de repuestas p\u00fablicas arroj\u00f3\nque el 54% id\u00e9ntica a la inflaci\u00f3n, el 40% a la inseguridad, el 36% a la falta\nde trabajo, el 26% a la pobreza, el 24% a la corrupci\u00f3n, el 21% a \u201clos\npol\u00edticos\u201d, el 20% a los bajos salarios, el 17% a la educaci\u00f3n, el mismo\nporcentaje a la Justicia, el 16% al endeudamiento externo y el 12% al\nnarcotr\u00e1fico.<\/p>\n\n\n\n<p>En el contraste del inicio de la gesti\u00f3n de Macri con el\npresente, el 65% consider\u00f3 que est\u00e1 peor que antes, mientras que el 35%\nconsidera que la situaci\u00f3n del pa\u00eds empeorar\u00e1 dentro de un a\u00f1o.<\/p>\n\n\n\n<p>En el plano de las esperanzas, s\u00f3lo el 23% opina que\nmejorar\u00e1 y el 24% considera que estar\u00e1 igual. Ese grupo, en la retrospectiva\ncomparada con el inicio de Cambiemos en el poder, s\u00f3lo el 12% consider\u00f3 que\nestaba mejor y el 15% que &#8220;igual&#8221; que entonces.<\/p>\n\n\n\n<p><strong>Elecciones 2019, los\ncandidatos<\/strong><\/p>\n\n\n\n<p>El muestro electoral arranca con una consulta a los\nencuestados para que contesten si seguro votar\u00edan, podr\u00edan votarlo o nunca\nvotar\u00edan a los precandidatos que manifestaron su intenci\u00f3n de postularse a las\npr\u00f3ximas presidenciales de octubre.<\/p>\n\n\n\n<p>Macri tiene un 52% de encuestados que \u201cnunca lo votar\u00edan\u201d,\nun 26% que \u201cpodr\u00eda votarlo y un 14% que seguro lo elegir\u00eda. La ex presidenta\nCristina Fern\u00e1ndez de Kirchner registra un 62% que \u201cnunca\u201d la votar\u00eda, un 15%\nque seguro lo har\u00eda y un 15% que podr\u00eda hacerlo.<\/p>\n\n\n\n<p>En tercer lugar aparece el ex ministro de Econom\u00eda, Roberto\nLavagna: el 35% dice que \u201cnunca\u201d lo elegir\u00eda, un 30% que podr\u00eda hacerlo y un 6%\nque dice que seguramente lo har\u00eda.<\/p>\n\n\n\n<p>El l\u00edder del Frente Renovador y ex intendente de Tigre y ex\nministro de CFK, Sergio Massa, en cuarto orden, tiene un 59% de encuestados que\n\u201cnunca\u201d optar\u00edan por \u00e9l, un 23% que podr\u00eda hacerlo y un 4% que seguro pondr\u00eda\nsu voto en la urna.<\/p>\n\n\n\n<p>Dentro de las proyecciones electorales surge un dato que\nconfirma el peso que tendr\u00e1n los indecisos en la primera vuelta, porque el 28%\nde los consultados dice que no sabe cu\u00e1ndo son preguntados sobre por qui\u00e9n\nvotar\u00edan si los comicios fueran hoy. En segundo lugar aparece Macri con el 24%,\nCFK con el 23%, Lavagna con el 11%, el gobernador de Salta, Juan Manuel Urtubey\ncon el 6% y Massa con el 5%. El diputado salte\u00f1o Alfredo Olmedo tiene el 3% de\nlas opciones a su favor.<\/p>\n\n\n\n<p>La \u00faltima hip\u00f3tesis del estudio busca construir dos fotos a\npartir de una segunda vuelta: Macri versus Cristina y versus Lavagna. En el\nprimer caso las respuestas indican que Macri concentra el 45,6% frente a CFK\nque registra el 33,1%. En la segunda hip\u00f3tesis, el l\u00edder del PRO baja al 30,3%\nde las respuestas, mientras que Lavagna llega al 38%.<\/p>\n\n\n\n<p>En ambos escenarios el rol de los indecisos sigue siendo\ndeterminante, porque en la pelea Macri\/CFK un 21% no sabe qu\u00e9 har\u00eda y en la\nconfrontaci\u00f3n Macri\/Lavagna esa porci\u00f3n trepa al 31,6%.<\/p>\n\n\n\n<p><strong>Imagen de ministros<\/strong><\/p>\n\n\n\n<p>En materia de medici\u00f3n de imagen de pol\u00edticos, la conclusi\u00f3n\nm\u00e1s relevante es que la gobernadora Mar\u00eda Eugenia Vidal \u201cencabeza la lista de\nlos dirigentes con mejor imagen positiva, con un 45% bruta y 50% neta, aunque\nsigue perdiendo opiniones positivas, considerando que en septiembre de 2017\nrondaba el 75%\u201d.<\/p>\n\n\n\n<p>Tambi\u00e9n recuerda que \u201cen diferentes proporciones\u201d, este\nfen\u00f3meno de ca\u00edda \u201cha sucedido con todos los dirigentes de Cambiemos\u201d,\nencabezado por Macri que alcanza un 33% de imagen positiva bruta y una imagen\nnegativa bruta del 63%. La proyecci\u00f3n de esa imagen en los ministros del\nGabinete est\u00e1 directamente ligada a su relaci\u00f3n con los aspectos negativos y\npositivos de la gesti\u00f3n de Cambiemos.<\/p>\n\n\n\n<p>\u201cEl grupo de los ministros con peor posicionamiento se\nreduce al ministro de Hacienda, Nicol\u00e1s Dujovne, a su par de Defensa, Oscar\nAguad y al jefe de Gabinete, Marcos Pe\u00f1a. El resto de los ministros tiene\nimagen negativa pero son poco conocidos. Patricia Bullrich, de Seguridad, es la\nministra con mayor conocimiento y mayor proporci\u00f3n de imagen positiva, con un\n35%, pero al mismo tiempo con una imagen negativa superior, que llega al 52%,\nalgo similar ocurre con Pe\u00f1a\u201d, refleja la conclusi\u00f3n dedicada a la performance\nde los ministros. En el margen positivo, aparece la titular de Desarrollo\nSocial, Carolina Stanley, a pesar de la cantidad de opiniones cr\u00edticas contra\nla pol\u00edtica social; su par de Interior y Obras P\u00fablicas, Rogelio Frigerio y el\nde Transporte, Guillermo Dietrich. Son los \u201ctres mejores posicionados en virtud\nde su alto grado de conocimiento y su imagen positiva\u201d, resalta el trabajo de\nesta universidad privada, que se desarrolla con encuestados de 23 provincias y\nla Ciudad de Buenos Aires.<\/p>\n","protected":false},"excerpt":{"rendered":"<p>Lo revela la \u00faltima encuesta realizada por la Universidad de San Andr\u00e9s. Adem\u00e1s, el 65% cree que viv\u00eda mejor antes de la presidencia de Macri La \u00faltima edici\u00f3n de la Encuesta de Satisfacci\u00f3n Pol\u00edtica y Opini\u00f3n P\u00fablica (ESPOP) de la Universidad de San Andr\u00e9s, correspondiente a marzo de este a\u00f1o, refleja que el 78% de los consultados para el estudio dicen que est\u00e1n insatisfechos con la marcha general de la situaci\u00f3n nacional, ante el inicio del cuarto a\u00f1o de mandato del presidente Mauricio Macri. El trabajo, al que tuvo acceso&#8230;<\/p>\n","protected":false},"author":3,"featured_media":41816,"comment_status":"closed","ping_status":"closed","sticky":false,"template":"","format":"standard","meta":[],"categories":[9],"tags":[],"_links":{"self":[{"href":"https:\/\/www.actualidadadiario.com\/index.php\/wp-json\/wp\/v2\/posts\/41815"}],"collection":[{"href":"https:\/\/www.actualidadadiario.com\/index.php\/wp-json\/wp\/v2\/posts"}],"about":[{"href":"https:\/\/www.actualidadadiario.com\/index.php\/wp-json\/wp\/v2\/types\/post"}],"author":[{"embeddable":true,"href":"https:\/\/www.actualidadadiario.com\/index.php\/wp-json\/wp\/v2\/users\/3"}],"replies":[{"embeddable":true,"href":"https:\/\/www.actualidadadiario.com\/index.php\/wp-json\/wp\/v2\/comments?post=41815"}],"version-history":[{"count":1,"href":"https:\/\/www.actualidadadiario.com\/index.php\/wp-json\/wp\/v2\/posts\/41815\/revisions"}],"predecessor-version":[{"id":41817,"href":"https:\/\/www.actualidadadiario.com\/index.php\/wp-json\/wp\/v2\/posts\/41815\/revisions\/41817"}],"wp:featuredmedia":[{"embeddable":true,"href":"https:\/\/www.actualidadadiario.com\/index.php\/wp-json\/wp\/v2\/media\/41816"}],"wp:attachment":[{"href":"https:\/\/www.actualidadadiario.com\/index.php\/wp-json\/wp\/v2\/media?parent=41815"}],"wp:term":[{"taxonomy":"category","embeddable":true,"href":"https:\/\/www.actualidadadiario.com\/index.php\/wp-json\/wp\/v2\/categories?post=41815"},{"taxonomy":"post_tag","embeddable":true,"href":"https:\/\/www.actualidadadiario.com\/index.php\/wp-json\/wp\/v2\/tags?post=41815"}],"curies":[{"name":"wp","href":"https:\/\/api.w.org\/{rel}","templated":true}]}}