{"id":41812,"date":"2019-03-14T11:09:27","date_gmt":"2019-03-14T14:09:27","guid":{"rendered":"https:\/\/www.actualidadadiario.com\/?p=41812"},"modified":"2019-05-06T20:52:10","modified_gmt":"2019-05-06T23:52:10","slug":"macri-frena-el-desembarco-de-monzo-en-la-embajada-de-espana-y-lo-margina-de-la-campana","status":"publish","type":"post","link":"https:\/\/www.actualidadadiario.com\/index.php\/2019\/03\/14\/macri-frena-el-desembarco-de-monzo-en-la-embajada-de-espana-y-lo-margina-de-la-campana\/","title":{"rendered":"Macri frena el desembarco de Monz\u00f3 en la embajada de Espa\u00f1a y lo margina de la campa\u00f1a"},"content":{"rendered":"\n<p><strong><em>El presidente no avanz\u00f3 con la designaci\u00f3n del titular de la C\u00e1mara de Diputados y no le dio un rol en el plan Macri 2019. Qu\u00e9 piensa en su intimidad el diputado y su pelea con Pe\u00f1a<\/em><\/strong><\/p>\n\n\n\n<p><\/p>\n\n\n\n<p><\/p>\n\n\n\n<p>Pens\u00f3 que, con el viaje a Asia junto al presidente Mauricio\nMacri, finalmente podr\u00eda desembarcar en la embajada de Espa\u00f1a antes de mitad de\na\u00f1o, una promesa desde hace meses de la Casa Rosada para calmar su esp\u00edritu\ncr\u00edtico dado que no tendr\u00e1 lugar en la estrategia de campa\u00f1a de este a\u00f1o. <\/p>\n\n\n\n<p>Pero siquiera eso: por ahora Emilio Monz\u00f3 no ser\u00e1 embajador\ny su futuro es incierto. Su relaci\u00f3n con el jefe de Gabinete, Marcos Pe\u00f1a, no\nlogr\u00f3 recomponerse y, aunque sigue dialogando con opositores, radicales y\nempresarios de todo tipo, decidi\u00f3 no aparecer en la opini\u00f3n p\u00fablica para no\nagregar m\u00e1s le\u00f1a al fuego de las internas del oficialismo. <\/p>\n\n\n\n<p>Antes de la gira con el presidente, Monz\u00f3 crey\u00f3 que se\nvolv\u00eda con la embajada bajo el brazo: la materializaci\u00f3n del nombre del grupo\nde Whatsapp que mantiene con su c\u00edrculo \u00edntimo denominado \u201cGrupo Espa\u00f1a\u201d. <\/p>\n\n\n\n<p>Pero estando all\u00e1 Pe\u00f1a lo culp\u00f3 por una entrevista que\notorgara Mart\u00edn Lousteau a Clar\u00edn y La Naci\u00f3n donde reclamaba una PASO\npresidencial. El jefe de gabinete accion\u00f3 y desactiv\u00f3 el cargo al que aspiraba\nel titular de la C\u00e1mara de Diputados, harto de su rol en el Congreso, donde\ncosech\u00f3 m\u00e1s adhesiones fuera y dentro del frente oficialista. <\/p>\n\n\n\n<p>Pero Monz\u00f3 no quiso duplicar la apuesta. De hecho, decidi\u00f3\nregresar al ostracismo medi\u00e1tico: a pesar de que hab\u00eda prometido una entrevista\nen plena gira por Asia a los periodistas que llevaron los dos diarios, cuando\nvio el revuelo armado por Lousteau dio de baja la nota. \u201cPerd\u00f3n, no puedo\ndarles la nota ante este quilombo\u201d, alcanz\u00f3 a decirles. Un gesto que no cruz\u00f3\nlas fronteras asi\u00e1ticas. <\/p>\n\n\n\n<p>Aunque se transform\u00f3 en mala palabra para el primer piso de\nla Casa Rosada, los aliados de la UCR y algunos ministros siguen hablando con\n\u00e9l. Muchos hacen catarsis: saben que encuentran feedback cuando analizan los\nserios problemas que encuentran en la candidatura de Macri y la concentraci\u00f3n\nde poder en manos de Pe\u00f1a. <\/p>\n\n\n\n<p>Dos a\u00f1os y medio despu\u00e9s de haberse peleado a los gritos y\nde mala manera, con el secretario general de la Presidencia, Fernando de\nAndreis en la residencia de Olivos, haber discrepado con Jaime Dur\u00e1n Barba y el\npropio Pe\u00f1a por la direcci\u00f3n pol\u00edtica del oficialismo y alejado de Mar\u00eda\nEugenia Vidal, Monz\u00f3 sigue sosteniendo que Cambiemos deber\u00eda haberse abierto a\nacuerdos con el PJ y con otros actores. Tambi\u00e9n, expresa en privado que parte\ndel gabinete que arm\u00f3 Macri tuvo casos \u201cincre\u00edbles\u201d, como el de Francisco\n\u201cPancho\u201d Cabrera en Producci\u00f3n, eyectado en septiembre del a\u00f1o pasado. <\/p>\n\n\n\n<p>Sus hombres m\u00e1s cercanos, como Nicol\u00e1s Massot, jefe del\nbloque del PRO en Diputados, Sebasti\u00e1n Garc\u00eda de Luca, viceministro pol\u00edtico\ndel Interior, o el diputado provincial Marcelo Daletto siguen trabajando para\nla Casa Rosada pero sin la convicci\u00f3n con la que recorrieron el pa\u00eds entre 2011\ny 2015 buscando candidatos. <\/p>\n\n\n\n<p>\u201cEmilio, \u00bfcu\u00e1ndo vas a hablar y plantear todo lo que\npens\u00e1s?\u201d, le dijo un empresario de los m\u00e1s poderosos del pa\u00eds en las \u00faltimas\nsemanas. <\/p>\n\n\n\n<p>Para su respuesta Monz\u00f3 apel\u00f3 a una vieja muletilla, la\nmisma que utiliz\u00f3 todo el 2018, y le contest\u00f3 que prefiere tener\n\u201cresponsabilidad institucional\u201d ante la fragilidad del Gobierno producto de la\ncrisis econ\u00f3mica. En su entorno m\u00e1s cercano aseguran que esa responsabilidad\nque lo lleva a mantenerse callado ante la opini\u00f3n p\u00fablica durante casi dos a\u00f1os\nest\u00e1 cerca de terminarse si la situaci\u00f3n pol\u00edtico-econ\u00f3mica no muestra cambios.<\/p>\n","protected":false},"excerpt":{"rendered":"<p>El presidente no avanz\u00f3 con la designaci\u00f3n del titular de la C\u00e1mara de Diputados y no le dio un rol en el plan Macri 2019. Qu\u00e9 piensa en su intimidad el diputado y su pelea con Pe\u00f1a Pens\u00f3 que, con el viaje a Asia junto al presidente Mauricio Macri, finalmente podr\u00eda desembarcar en la embajada de Espa\u00f1a antes de mitad de a\u00f1o, una promesa desde hace meses de la Casa Rosada para calmar su esp\u00edritu cr\u00edtico dado que no tendr\u00e1 lugar en la estrategia de campa\u00f1a de este a\u00f1o. Pero&#8230;<\/p>\n","protected":false},"author":3,"featured_media":41813,"comment_status":"closed","ping_status":"closed","sticky":false,"template":"","format":"standard","meta":[],"categories":[18],"tags":[],"_links":{"self":[{"href":"https:\/\/www.actualidadadiario.com\/index.php\/wp-json\/wp\/v2\/posts\/41812"}],"collection":[{"href":"https:\/\/www.actualidadadiario.com\/index.php\/wp-json\/wp\/v2\/posts"}],"about":[{"href":"https:\/\/www.actualidadadiario.com\/index.php\/wp-json\/wp\/v2\/types\/post"}],"author":[{"embeddable":true,"href":"https:\/\/www.actualidadadiario.com\/index.php\/wp-json\/wp\/v2\/users\/3"}],"replies":[{"embeddable":true,"href":"https:\/\/www.actualidadadiario.com\/index.php\/wp-json\/wp\/v2\/comments?post=41812"}],"version-history":[{"count":1,"href":"https:\/\/www.actualidadadiario.com\/index.php\/wp-json\/wp\/v2\/posts\/41812\/revisions"}],"predecessor-version":[{"id":41814,"href":"https:\/\/www.actualidadadiario.com\/index.php\/wp-json\/wp\/v2\/posts\/41812\/revisions\/41814"}],"wp:featuredmedia":[{"embeddable":true,"href":"https:\/\/www.actualidadadiario.com\/index.php\/wp-json\/wp\/v2\/media\/41813"}],"wp:attachment":[{"href":"https:\/\/www.actualidadadiario.com\/index.php\/wp-json\/wp\/v2\/media?parent=41812"}],"wp:term":[{"taxonomy":"category","embeddable":true,"href":"https:\/\/www.actualidadadiario.com\/index.php\/wp-json\/wp\/v2\/categories?post=41812"},{"taxonomy":"post_tag","embeddable":true,"href":"https:\/\/www.actualidadadiario.com\/index.php\/wp-json\/wp\/v2\/tags?post=41812"}],"curies":[{"name":"wp","href":"https:\/\/api.w.org\/{rel}","templated":true}]}}