{"id":41809,"date":"2019-03-14T11:08:33","date_gmt":"2019-03-14T14:08:33","guid":{"rendered":"https:\/\/www.actualidadadiario.com\/?p=41809"},"modified":"2019-05-06T20:53:59","modified_gmt":"2019-05-06T23:53:59","slug":"familiares-de-soldados-caidos-en-malvinas-viajaron-al-cementerio-de-darwin","status":"publish","type":"post","link":"https:\/\/www.actualidadadiario.com\/index.php\/2019\/03\/14\/familiares-de-soldados-caidos-en-malvinas-viajaron-al-cementerio-de-darwin\/","title":{"rendered":"Familiares de soldados ca\u00eddos en Malvinas viajaron al Cementerio de Darwin"},"content":{"rendered":"\n<p><strong><em>Unas 62 personas participaron de la ceremonia religiosa a cargo del sacerdote argentino Ponciano Acosta, primo hermano de un excombatiente ca\u00eddo en el conflicto<\/em><\/strong><\/p>\n\n\n\n<p><\/p>\n\n\n\n<p><\/p>\n\n\n\n<p>Un grupo de 62 familiares de soldados ca\u00eddos en la Guerra de\nMalvinas viaj\u00f3 este mi\u00e9rcoles a las islas para participar del segundo viaje\nhumanitario en homenaje a los combatientes que fueron identificados y\nlocalizados en los \u00faltimos meses en el cementerio de Darwin, gracias al trabajo\nconjunto de la Cruz Roja y los gobiernos de la Argentina y Gran Breta\u00f1a. <\/p>\n\n\n\n<p>La comitiva parti\u00f3 del aeropuerto de Ezeiza pasadas las 4 de\nla ma\u00f1ana en el vuelo de Andes 682, que fue rentado por la firma Aeropuertos\nArgentina 2000 (a cargo de Eduardo Eurneki\u00e1n) y coordinado por la Comisi\u00f3n de\nFamiliares de Ca\u00eddos en Malvinas y e Islas del Atl\u00e1ntico Sur. La aeronave,\npiloteada por Pablo Linari, Tom\u00e1s Martin y Federico Serino, aterriz\u00f3 casi tres\nhoras m\u00e1s tarde en Mount Pleasant. Desde esa base militar, los 165 pasajeros se\nsubieron a un micro que los transport\u00f3 hasta el cementerio de Darwin, ubicado a\nunos 35 kil\u00f3metros.<\/p>\n\n\n\n<p>La ceremonia religiosa comenz\u00f3 cerca de las 11 y estuvo a\ncargo del sacerdote argentino Ponciano Acosta, que es adem\u00e1s primo hermano de\nun combatiente que muri\u00f3 en esta isla durante la guerra de 1982, en la que\nfallecieron 649 compatriotas. Durante el homenaje, del que particip\u00f3 PERFIL, y\ncon el permiso del gobierno brit\u00e1nico en Malvinas, la delegaci\u00f3n despleg\u00f3 una\nbandera argentina por primera vez desde que termin\u00f3 el conflicto b\u00e9lico, seg\u00fan\ninform\u00f3 la agencia Noticias Argentinas. <\/p>\n\n\n\n<p>De la comitiva participaron familiares de los 20 soldados\nque fueron reconocidos en los \u00faltimos meses y otros que no pudieron viajar en\nlos vuelos anteriores. Tambi\u00e9n estuvieron presentes los parientes que saben que\nsus allegados est\u00e1n enterrados en ese cementerio, pero todav\u00eda esperan los\nresultados del entrecruzamiento de ADN para la identificaci\u00f3n de los cuerpos.<\/p>\n\n\n\n<p>En el acto estuvieron tambi\u00e9n presentes los parientes de\nEduardo Antonio Vallejos y Carlos Alberto Fr\u00edas, los dos combatientes que\nfueron identificados esta semana gracias al trabajo de la Cruz Roja. Vallejos,\ncordob\u00e9s, cumpl\u00eda con el Servicio Militar cuando fue convocado a combatir en el\narchipi\u00e9lago; mientras que Fr\u00edas, nacido en Corrientes, integraba el Regimiento\nde Infanter\u00eda 12 de la ciudad de Mercedes.<\/p>\n\n\n\n<p>El primero muri\u00f3 al ser alcanzado por las esquirlas de una\nbomba que explot\u00f3 a dos metros de distancia de la trinchera en la que estaba\nhaciendo guardia. El segundo fue abatido durante la batalla de Pradera del\nGanso, el primer enfrentamiento entre las fuerzas argentinas y brit\u00e1nicas en\nMalvinas.<\/p>\n\n\n\n<p>Con estos dos nombres, ya son 112 las tumbas en Darwin que\ntienen una placa con el nombre de sus ca\u00eddos. Solo falta por recuperar la\nidentidad de 10 cuerpos, que reposan en el jard\u00edn de paz de Darwin s\u00f3lo con la\nleyenda &#8220;Soldado argentino solo conocido por Dios&#8221;, seg\u00fan confirm\u00f3 el\nGobierno argentino en un comunicado. <\/p>\n\n\n\n<p>Como parte de los honores militares, la guardia escocesa de\nlas islas toc\u00f3 una marcha f\u00fanebre, y el veterano Omar Tab\u00e1rez interpret\u00f3 el\n&#8220;Toque de silencio&#8221; con una trompeta que usaba durante la guerra. Adem\u00e1s\nasistieron al homenaje el coronel brit\u00e1nico Geoffrey Cardozo y el veterano de\nMalvinas Julio Aro, presidente de la Fundaci\u00f3n No Me Olvides.<\/p>\n\n\n\n<p>&#8220;Pasaron 37 a\u00f1os de silencio e indolencia frente a los\nh\u00e9roes y sus familiares. El Estado hoy los acompa\u00f1a, les hace una caricia, los\nreconoce y les agradece por todo lo que han dado&#8221;, se\u00f1al\u00f3 Claudio Avruj,\nsecretario de Derechos Humanos y Pluralismo Cultural de la Naci\u00f3n y uno de los\nparticipantes del viaje.<\/p>\n\n\n\n<p>En las primeras horas de la tarde, la comitiva volvi\u00f3 a\nsubirse al mismo vuelo que los hab\u00eda tra\u00eddo a Malvinas para regresar a Ezeiza,\nluego de haber visto las tumbas en las que reposan sus familiares. El martes\npor la tarde, los familiares fueron recibidos en Casa Rosada por el presidente\nMauricio Macri.<\/p>\n","protected":false},"excerpt":{"rendered":"<p>Unas 62 personas participaron de la ceremonia religiosa a cargo del sacerdote argentino Ponciano Acosta, primo hermano de un excombatiente ca\u00eddo en el conflicto Un grupo de 62 familiares de soldados ca\u00eddos en la Guerra de Malvinas viaj\u00f3 este mi\u00e9rcoles a las islas para participar del segundo viaje humanitario en homenaje a los combatientes que fueron identificados y localizados en los \u00faltimos meses en el cementerio de Darwin, gracias al trabajo conjunto de la Cruz Roja y los gobiernos de la Argentina y Gran Breta\u00f1a. La comitiva parti\u00f3 del aeropuerto&#8230;<\/p>\n","protected":false},"author":3,"featured_media":41810,"comment_status":"closed","ping_status":"closed","sticky":false,"template":"","format":"standard","meta":[],"categories":[2],"tags":[],"_links":{"self":[{"href":"https:\/\/www.actualidadadiario.com\/index.php\/wp-json\/wp\/v2\/posts\/41809"}],"collection":[{"href":"https:\/\/www.actualidadadiario.com\/index.php\/wp-json\/wp\/v2\/posts"}],"about":[{"href":"https:\/\/www.actualidadadiario.com\/index.php\/wp-json\/wp\/v2\/types\/post"}],"author":[{"embeddable":true,"href":"https:\/\/www.actualidadadiario.com\/index.php\/wp-json\/wp\/v2\/users\/3"}],"replies":[{"embeddable":true,"href":"https:\/\/www.actualidadadiario.com\/index.php\/wp-json\/wp\/v2\/comments?post=41809"}],"version-history":[{"count":1,"href":"https:\/\/www.actualidadadiario.com\/index.php\/wp-json\/wp\/v2\/posts\/41809\/revisions"}],"predecessor-version":[{"id":41811,"href":"https:\/\/www.actualidadadiario.com\/index.php\/wp-json\/wp\/v2\/posts\/41809\/revisions\/41811"}],"wp:featuredmedia":[{"embeddable":true,"href":"https:\/\/www.actualidadadiario.com\/index.php\/wp-json\/wp\/v2\/media\/41810"}],"wp:attachment":[{"href":"https:\/\/www.actualidadadiario.com\/index.php\/wp-json\/wp\/v2\/media?parent=41809"}],"wp:term":[{"taxonomy":"category","embeddable":true,"href":"https:\/\/www.actualidadadiario.com\/index.php\/wp-json\/wp\/v2\/categories?post=41809"},{"taxonomy":"post_tag","embeddable":true,"href":"https:\/\/www.actualidadadiario.com\/index.php\/wp-json\/wp\/v2\/tags?post=41809"}],"curies":[{"name":"wp","href":"https:\/\/api.w.org\/{rel}","templated":true}]}}