{"id":41806,"date":"2019-03-14T11:07:47","date_gmt":"2019-03-14T14:07:47","guid":{"rendered":"https:\/\/www.actualidadadiario.com\/?p=41806"},"modified":"2019-05-06T20:57:10","modified_gmt":"2019-05-06T23:57:10","slug":"advierten-por-desabastecimiento-y-fuerte-suba-de-precios-en-las-gondolas-de-lacteos","status":"publish","type":"post","link":"https:\/\/www.actualidadadiario.com\/index.php\/2019\/03\/14\/advierten-por-desabastecimiento-y-fuerte-suba-de-precios-en-las-gondolas-de-lacteos\/","title":{"rendered":"Advierten por desabastecimiento y fuerte suba de precios en las g\u00f3ndolas de l\u00e1cteos"},"content":{"rendered":"\n<p><strong><em>Industriales aseguran que\u00a0 &#8220;hay faltante e incremento de precios&#8221; por menor oferta. Dicen que es como consecuencia de &#8220;condiciones clim\u00e1ticas adversas&#8221;. El problema se solucionar\u00eda en las pr\u00f3ximas semanas<\/em><\/strong><\/p>\n\n\n\n<p><\/p>\n\n\n\n<p><\/p>\n\n\n\n<p>\u201cEl faltante de productos l\u00e1cteos responde a problemas\nclim\u00e1ticos en el Litoral del pa\u00eds. Disculpe las molestias ocasionadas\u201d. \u00c9se es\nel cartel que apareci\u00f3 colgado en g\u00f3ndolas de distintos supermercados de la\nCiudad de Buenos Aires durante los \u00faltimos d\u00edas.<\/p>\n\n\n\n<p>En las heladeras de algunas cadenas l\u00edderes, se observan\nespacios vac\u00edos, que antes eran ocupados por distintos productos, en particular\npor leche fluida de segundas marcas. O, son las empresas l\u00edderes, quienes\nacaparan todo el espacio disponible.<\/p>\n\n\n\n<p>Consultado por \u00e1mbito.com, el presidente de Asociaci\u00f3n de\nPeque\u00f1as y Medianas Empresas L\u00e1cteas (Apymel), Pablo Villano ratific\u00f3 que el\ndesabastecimiento est\u00e1 relacionado con cuestiones clim\u00e1ticas en la Cuenca\nLechera (Santa Fe, Provincia de Buenos Aires y C\u00f3rdoba), pero asegur\u00f3 que \u201cen\nlas pr\u00f3ximas semanas estar\u00e1 solucionado\u201d.<\/p>\n\n\n\n<p>\u201cLas inundaciones primero y las elevadas temperaturas\ndespu\u00e9s provocaron una ca\u00edda de m\u00e1s del 30% en la producci\u00f3n de leche, como fue\nel caso de Santa Fe\u201d, indic\u00f3 y a\u00f1adi\u00f3: \u201cadem\u00e1s, exist\u00edan entregas pendientes de\n2018 por ventas en el exterior, que deb\u00edan concretarse\u201d.<\/p>\n\n\n\n<p>Para el directivo \u201cla ca\u00edda del consumo interno (en los\nprimeros meses cay\u00f3 un 10% en comparaci\u00f3n con un a\u00f1o antes), de todas maneras,\npermiti\u00f3 suavizar el impacto de esa baja en la oferta de productos\u201d. \u201cAlgunas\nindustrias recortaron env\u00edos a los comercios frente a la escasa producci\u00f3n\u201d,\ncomplet\u00f3.<\/p>\n\n\n\n<p>Villano asegur\u00f3 que \u201cla situaci\u00f3n se normalizar\u00eda en las\npr\u00f3ximas semanas porque mejoraron las condiciones de producci\u00f3n en los tambos,\nporque definitivamente es un tema estacional\u201d.<\/p>\n\n\n\n<p>En este contexto, el dirigente industrial acus\u00f3 a los\ncomercios de \u201cigualar los precios para arriba\u201d ante el faltante de productos,\nde tal modo que las segundas y terceras marcas terminan costando lo mismo que\nlas l\u00edderes.<\/p>\n\n\n\n<p>De acuerdo al informe de la Mesa Agroalimentaria del Sector\nde Econom\u00edas Regionales de CAME de febrero \u00faltimo, la leche de marcas como\nIlolay o Milkaut subieron m\u00e1s de un 20% con respecto a enero; mientras que la\nde una compa\u00f1\u00eda l\u00edder, s\u00f3lo un 1,6%.<\/p>\n\n\n\n<p>Villano, por otra parte, indic\u00f3 que la suba de precios de la\nleche en polvo a nivel internacional (avanz\u00f3 un 6% en d\u00f3lares en la \u00faltima\nlicitaci\u00f3n de Fonterra y hoy cotiza a u$s 3.100 por tonelada) \u201ctendr\u00eda una incidencia\nmenor\u201d en el problema de desabastecimiento, porque \u201cesa mejora estuvo\nacompa\u00f1ada por una disminuci\u00f3n de los reintegros a la exportaci\u00f3n y un nuevo\narancel en retenciones\u201d.<\/p>\n\n\n\n<p>Con respecto al cierre de tambos, que en 2018 ascendi\u00f3 a 600\nestablecimientos, se fren\u00f3 debido a la recuperaci\u00f3n del precio de la leche en\npolvo en estos \u00faltimos meses\u201d.<\/p>\n","protected":false},"excerpt":{"rendered":"<p>Industriales aseguran que\u00a0 &#8220;hay faltante e incremento de precios&#8221; por menor oferta. Dicen que es como consecuencia de &#8220;condiciones clim\u00e1ticas adversas&#8221;. El problema se solucionar\u00eda en las pr\u00f3ximas semanas \u201cEl faltante de productos l\u00e1cteos responde a problemas clim\u00e1ticos en el Litoral del pa\u00eds. Disculpe las molestias ocasionadas\u201d. \u00c9se es el cartel que apareci\u00f3 colgado en g\u00f3ndolas de distintos supermercados de la Ciudad de Buenos Aires durante los \u00faltimos d\u00edas. En las heladeras de algunas cadenas l\u00edderes, se observan espacios vac\u00edos, que antes eran ocupados por distintos productos, en particular por&#8230;<\/p>\n","protected":false},"author":3,"featured_media":41807,"comment_status":"closed","ping_status":"closed","sticky":false,"template":"","format":"standard","meta":[],"categories":[2],"tags":[],"_links":{"self":[{"href":"https:\/\/www.actualidadadiario.com\/index.php\/wp-json\/wp\/v2\/posts\/41806"}],"collection":[{"href":"https:\/\/www.actualidadadiario.com\/index.php\/wp-json\/wp\/v2\/posts"}],"about":[{"href":"https:\/\/www.actualidadadiario.com\/index.php\/wp-json\/wp\/v2\/types\/post"}],"author":[{"embeddable":true,"href":"https:\/\/www.actualidadadiario.com\/index.php\/wp-json\/wp\/v2\/users\/3"}],"replies":[{"embeddable":true,"href":"https:\/\/www.actualidadadiario.com\/index.php\/wp-json\/wp\/v2\/comments?post=41806"}],"version-history":[{"count":1,"href":"https:\/\/www.actualidadadiario.com\/index.php\/wp-json\/wp\/v2\/posts\/41806\/revisions"}],"predecessor-version":[{"id":41808,"href":"https:\/\/www.actualidadadiario.com\/index.php\/wp-json\/wp\/v2\/posts\/41806\/revisions\/41808"}],"wp:featuredmedia":[{"embeddable":true,"href":"https:\/\/www.actualidadadiario.com\/index.php\/wp-json\/wp\/v2\/media\/41807"}],"wp:attachment":[{"href":"https:\/\/www.actualidadadiario.com\/index.php\/wp-json\/wp\/v2\/media?parent=41806"}],"wp:term":[{"taxonomy":"category","embeddable":true,"href":"https:\/\/www.actualidadadiario.com\/index.php\/wp-json\/wp\/v2\/categories?post=41806"},{"taxonomy":"post_tag","embeddable":true,"href":"https:\/\/www.actualidadadiario.com\/index.php\/wp-json\/wp\/v2\/tags?post=41806"}],"curies":[{"name":"wp","href":"https:\/\/api.w.org\/{rel}","templated":true}]}}