{"id":41804,"date":"2019-03-14T11:07:01","date_gmt":"2019-03-14T14:07:01","guid":{"rendered":"https:\/\/www.actualidadadiario.com\/?p=41804"},"modified":"2019-05-06T20:52:17","modified_gmt":"2019-05-06T23:52:17","slug":"los-medicamentos-aumentaron-7-en-febrero-y-acumulan-13-en-el-ano","status":"publish","type":"post","link":"https:\/\/www.actualidadadiario.com\/index.php\/2019\/03\/14\/los-medicamentos-aumentaron-7-en-febrero-y-acumulan-13-en-el-ano\/","title":{"rendered":"Los medicamentos aumentaron 7% en febrero y acumulan 13% en el a\u00f1o"},"content":{"rendered":"\n<p><strong><em>Muy por encima de la inflaci\u00f3n general, los medicamentos ya aumentaron 13% desde el 1\u00b0 de enero, y el mes pasado registraron una suba del 7,2%. En tanto que entre 2018 y el primer bimestre cerraron 80 farmacias entre la Ciudad de Buenos Aires y el Gran Buenos Aires<\/em><\/strong><\/p>\n\n\n\n<p><\/p>\n\n\n\n<p><\/p>\n\n\n\n<p>As\u00ed lo describieron fuentes del Colegio de Farmac\u00e9uticos y\nBioqu\u00edmicos de Capital Federal, desde donde recordaron que las compras de\nmedicamentos cayeron 8% en el a\u00f1o frente al a\u00f1o pasado, debido a que la\npoblaci\u00f3n no utiliza ocho de cada cien recetas por no poder pagar los valores.\nLa baja sustancial no es solamente en las farmacias sino tambi\u00e9n en las compras\nmayoristas de los hospitales p\u00fablicos y cl\u00ednicas.<\/p>\n\n\n\n<p>En lo referente al eje laboral, las farmacias se vieron\nobligadas a despedir 410 trabajadores en el 2018, entre cadetes, empleados de\nmostrador, entre otros. El secretario general del Sindicato Argentino de\nFarmac\u00e9uticos y Bioqu\u00edmicos, Marcelo Peretta, hab\u00eda afirmado que el descenso de\nlas compras de 8% el a\u00f1o pasado &#8220;abarca adem\u00e1s de las farmacias, a las\ninstituciones hospitalarias&#8221;. &#8220;Contabilizando todas las compras a\nnivel nacional, existen 3 millones de recetas ca\u00eddas (que no llegaron a usarse)\ny 600 millones de d\u00f3lares menos de facturaci\u00f3n, todo en 2018&#8221;, sostuvo.<\/p>\n\n\n\n<p>La venta libre de productos incluye a los supermercados,\ndonde tambi\u00e9n se not\u00f3 la baja. &#8220;Es evidente que sigue la fiesta. Los\naumentos de medicamentos en los \u00faltimos tres a\u00f1os llegan al 340%, contra un\n158% de inflaci\u00f3n. Est\u00e1n desbocados y es un esc\u00e1ndalo&#8221;, hab\u00eda sentenciado\nPeretta. Las remarcaciones en este sector se vuelven m\u00e1s elocuentes cuando la\ncomparaci\u00f3n es entre diciembre de 2015 y enero de 2019. Los analg\u00e9sicos\nsubieron un 733%; ansiol\u00edticos, 705%; anti\u00e1cidos, 686%; antihipertensivos,\n658%; vitam\u00ednicos, 642%; y antibi\u00f3ticos, 406 por ciento.<\/p>\n\n\n\n<p>Para completar el cuadro de situaci\u00f3n, entre diciembre de\n2018 e igual mes de 2017, de acuerdo con la informaci\u00f3n del Colegio\nprofesional, los vitam\u00ednicos (reconstituyentes) se incrementaron un 110%;\nanticoagulantes, 105%; medicamentos para tiroides, 96%; asma, 77%; diur\u00e9ticos,\n65%; antihipertensivos, 63%, y contra la diabetes, 53 por ciento. En cuanto al\nsegmento de &#8220;uso habitual&#8221;, los analg\u00e9sicos se dispararon un 75%;\nantiespasm\u00f3dicos, 67%; y los anticonceptivos, 54%, entre algunos ejemplos.<\/p>\n\n\n\n<p>El Colegio Oficial de Farmac\u00e9uticos y Bioqu\u00edmicos de la Capital\nFederal expres\u00f3 en forma reciente que &#8220;los farmac\u00e9uticos hemos manifestado\nnuestra preocupaci\u00f3n, ya que se podr\u00eda producir la interrupci\u00f3n de tratamientos\nde enfermedades cr\u00f3nicas por parte de los pacientes, por dificultades de acceso\na los medicamentos por razones econ\u00f3micas&#8221;.<\/p>\n\n\n\n<p>Como consecuencia de la recesi\u00f3n econ\u00f3mica que provoca una\nmenor compra de medicaci\u00f3n, se agravaron los problemas de salud, con un aumento\nde la mortalidad y obviamente de las consultas, las internaciones.<\/p>\n","protected":false},"excerpt":{"rendered":"<p>Muy por encima de la inflaci\u00f3n general, los medicamentos ya aumentaron 13% desde el 1\u00b0 de enero, y el mes pasado registraron una suba del 7,2%. En tanto que entre 2018 y el primer bimestre cerraron 80 farmacias entre la Ciudad de Buenos Aires y el Gran Buenos Aires As\u00ed lo describieron fuentes del Colegio de Farmac\u00e9uticos y Bioqu\u00edmicos de Capital Federal, desde donde recordaron que las compras de medicamentos cayeron 8% en el a\u00f1o frente al a\u00f1o pasado, debido a que la poblaci\u00f3n no utiliza ocho de cada cien&#8230;<\/p>\n","protected":false},"author":3,"featured_media":33847,"comment_status":"closed","ping_status":"closed","sticky":false,"template":"","format":"standard","meta":[],"categories":[2],"tags":[],"_links":{"self":[{"href":"https:\/\/www.actualidadadiario.com\/index.php\/wp-json\/wp\/v2\/posts\/41804"}],"collection":[{"href":"https:\/\/www.actualidadadiario.com\/index.php\/wp-json\/wp\/v2\/posts"}],"about":[{"href":"https:\/\/www.actualidadadiario.com\/index.php\/wp-json\/wp\/v2\/types\/post"}],"author":[{"embeddable":true,"href":"https:\/\/www.actualidadadiario.com\/index.php\/wp-json\/wp\/v2\/users\/3"}],"replies":[{"embeddable":true,"href":"https:\/\/www.actualidadadiario.com\/index.php\/wp-json\/wp\/v2\/comments?post=41804"}],"version-history":[{"count":1,"href":"https:\/\/www.actualidadadiario.com\/index.php\/wp-json\/wp\/v2\/posts\/41804\/revisions"}],"predecessor-version":[{"id":41805,"href":"https:\/\/www.actualidadadiario.com\/index.php\/wp-json\/wp\/v2\/posts\/41804\/revisions\/41805"}],"wp:featuredmedia":[{"embeddable":true,"href":"https:\/\/www.actualidadadiario.com\/index.php\/wp-json\/wp\/v2\/media\/33847"}],"wp:attachment":[{"href":"https:\/\/www.actualidadadiario.com\/index.php\/wp-json\/wp\/v2\/media?parent=41804"}],"wp:term":[{"taxonomy":"category","embeddable":true,"href":"https:\/\/www.actualidadadiario.com\/index.php\/wp-json\/wp\/v2\/categories?post=41804"},{"taxonomy":"post_tag","embeddable":true,"href":"https:\/\/www.actualidadadiario.com\/index.php\/wp-json\/wp\/v2\/tags?post=41804"}],"curies":[{"name":"wp","href":"https:\/\/api.w.org\/{rel}","templated":true}]}}