{"id":41801,"date":"2019-03-14T11:06:19","date_gmt":"2019-03-14T14:06:19","guid":{"rendered":"https:\/\/www.actualidadadiario.com\/?p=41801"},"modified":"2019-05-06T20:55:00","modified_gmt":"2019-05-06T23:55:00","slug":"el-indec-difunde-hoy-la-inflacion-de-febrero-y-se-estima-un-piso-del-35","status":"publish","type":"post","link":"https:\/\/www.actualidadadiario.com\/index.php\/2019\/03\/14\/el-indec-difunde-hoy-la-inflacion-de-febrero-y-se-estima-un-piso-del-35\/","title":{"rendered":"El Indec difunde hoy la inflaci\u00f3n de febrero y se estima un piso del 3,5%"},"content":{"rendered":"\n<p><strong><em>El Indec publicar\u00e1 hoy el IPC Nacional de febrero, que seg\u00fan las mediciones privadas tendr\u00e1 un piso de 3,5%. Si se cumple esa proyecci\u00f3n, la inflaci\u00f3n interanual romper\u00e1 con comodidad el techo del 50% y cerrar\u00e1 en 50,8%. As\u00ed, la medici\u00f3n contra el a\u00f1o pasado no deja de crecer, por la fuerte aceleraci\u00f3n de las subas de precios<\/em><\/strong><\/p>\n\n\n\n<p><\/p>\n\n\n\n<p><\/p>\n\n\n\n<p>Tres factores la explican: el traspaso de la devaluaci\u00f3n\n2018, que se viene realizando en c\u00e1mara lenta; los tarifazos en el boleto de\ncolectivo, tren y subte y en la energ\u00eda el\u00e9ctrica, las prepagas y la telefon\u00eda\ncelular y las subas en alimentos y bebidas, especialmente en la carne.<\/p>\n\n\n\n<p>Orlando Ferreres y Asociados observ\u00f3 una de 3,5% y una\nn\u00facleo de 3%. Afirmaron: &#8220;Las mayores subas fueron en Indumentaria y\nAlimentos y bebidas, de 6% y 4% respectivamente, el segundo de la mano de las\ncarnes. Tambi\u00e9n se destacan Salud, con una variaci\u00f3n de 3,4%, y Transporte con\nuna del 3,3%. Cabe destacar que el rubro de Vivienda subi\u00f3 un 4,9% por el\naumento del 26% en la luz&#8221;.<\/p>\n\n\n\n<p>La Fundaci\u00f3n Germ\u00e1n Abdala relev\u00f3 una de 3,6%. Y adelant\u00f3\nque marzo tambi\u00e9n viene inflado y con m\u00e1s tarifazos como protagonistas:\n&#8220;De esta manera, la inflaci\u00f3n no solo no retrocede sino que se encuentra\nsobre un sendero de franca aceleraci\u00f3n. Para el mes de marzo se espera un piso\nde inflaci\u00f3n elevado, impulsado no solo por el arrastre de febrero, sino\ntambi\u00e9n por las renovadas subas en bienes y servicios regulados, como electricidad\ny transporte p\u00fablico&#8221;.<\/p>\n\n\n\n<p>Por su parte, Ecolatina public\u00f3 una de 3,7%. &#8220;La\naceleraci\u00f3n respondi\u00f3 a varios factores: con una demanda deprimida y contratos\nque permanecen cerrados, el traslado a precios de los saltos del d\u00f3lar es\nprogresivo. Adem\u00e1s, hubo actualizaciones de paritarias, por cl\u00e1usulas gatillo,\nm\u00e1s los tarifazos y un aumento cercano al 40% en el precio mayorista de la\ncarne&#8221;, afirmaron desde la consultora dirigida por Lorenzo Sigaut Gravina.<\/p>\n","protected":false},"excerpt":{"rendered":"<p>El Indec publicar\u00e1 hoy el IPC Nacional de febrero, que seg\u00fan las mediciones privadas tendr\u00e1 un piso de 3,5%. Si se cumple esa proyecci\u00f3n, la inflaci\u00f3n interanual romper\u00e1 con comodidad el techo del 50% y cerrar\u00e1 en 50,8%. As\u00ed, la medici\u00f3n contra el a\u00f1o pasado no deja de crecer, por la fuerte aceleraci\u00f3n de las subas de precios Tres factores la explican: el traspaso de la devaluaci\u00f3n 2018, que se viene realizando en c\u00e1mara lenta; los tarifazos en el boleto de colectivo, tren y subte y en la energ\u00eda el\u00e9ctrica,&#8230;<\/p>\n","protected":false},"author":3,"featured_media":41802,"comment_status":"closed","ping_status":"closed","sticky":false,"template":"","format":"standard","meta":[],"categories":[2],"tags":[],"_links":{"self":[{"href":"https:\/\/www.actualidadadiario.com\/index.php\/wp-json\/wp\/v2\/posts\/41801"}],"collection":[{"href":"https:\/\/www.actualidadadiario.com\/index.php\/wp-json\/wp\/v2\/posts"}],"about":[{"href":"https:\/\/www.actualidadadiario.com\/index.php\/wp-json\/wp\/v2\/types\/post"}],"author":[{"embeddable":true,"href":"https:\/\/www.actualidadadiario.com\/index.php\/wp-json\/wp\/v2\/users\/3"}],"replies":[{"embeddable":true,"href":"https:\/\/www.actualidadadiario.com\/index.php\/wp-json\/wp\/v2\/comments?post=41801"}],"version-history":[{"count":1,"href":"https:\/\/www.actualidadadiario.com\/index.php\/wp-json\/wp\/v2\/posts\/41801\/revisions"}],"predecessor-version":[{"id":41803,"href":"https:\/\/www.actualidadadiario.com\/index.php\/wp-json\/wp\/v2\/posts\/41801\/revisions\/41803"}],"wp:featuredmedia":[{"embeddable":true,"href":"https:\/\/www.actualidadadiario.com\/index.php\/wp-json\/wp\/v2\/media\/41802"}],"wp:attachment":[{"href":"https:\/\/www.actualidadadiario.com\/index.php\/wp-json\/wp\/v2\/media?parent=41801"}],"wp:term":[{"taxonomy":"category","embeddable":true,"href":"https:\/\/www.actualidadadiario.com\/index.php\/wp-json\/wp\/v2\/categories?post=41801"},{"taxonomy":"post_tag","embeddable":true,"href":"https:\/\/www.actualidadadiario.com\/index.php\/wp-json\/wp\/v2\/tags?post=41801"}],"curies":[{"name":"wp","href":"https:\/\/api.w.org\/{rel}","templated":true}]}}