{"id":41799,"date":"2019-03-14T11:05:37","date_gmt":"2019-03-14T14:05:37","guid":{"rendered":"https:\/\/www.actualidadadiario.com\/?p=41799"},"modified":"2019-05-06T20:54:26","modified_gmt":"2019-05-06T23:54:26","slug":"empresarios-textiles-aseguran-que-el-sector-esta-agonizando","status":"publish","type":"post","link":"https:\/\/www.actualidadadiario.com\/index.php\/2019\/03\/14\/empresarios-textiles-aseguran-que-el-sector-esta-agonizando\/","title":{"rendered":"Empresarios textiles aseguran que el sector &#8220;est\u00e1 agonizando&#8221;"},"content":{"rendered":"\n<p><strong><em>As\u00ed lo se\u00f1al\u00f3 el titular de la Fundaci\u00f3n Protejer, Yeal Kim. &#8220;Hoy ni siquiera el problema es la importaci\u00f3n, porque los importadores tambi\u00e9n se est\u00e1n fundiendo todos, lo fundamental y principal es la falta de consumo&#8221;, advirti\u00f3. La Asociaci\u00f3n Obrera Textil se\u00f1al\u00f3 que la situaci\u00f3n es &#8220;cr\u00edtica&#8221; en las siete industrias de Corrientes<\/em><\/strong><\/p>\n\n\n\n<p><\/p>\n\n\n\n<p><\/p>\n\n\n\n<p>El presidente de la Fundaci\u00f3n Protejer, Yeal Kim, advirti\u00f3\nque la industria textil &#8220;est\u00e1 agonizando&#8221; y atraviesa &#8220;una\nsituaci\u00f3n muy similar&#8221; a la crisis que sufri\u00f3 el pa\u00eds en 2002, con la salida\nde la Convertibilidad.<\/p>\n\n\n\n<p>Seg\u00fan el empresario, &#8220;cuando (Mauricio) Macri asumi\u00f3\npens\u00e1bamos que nos iba a ayudar a todos, pero la realidad es que ahora estamos\nagonizando. Hay una gran diferencia con 2002: esa fue una crisis fuerte pero de\ncorto plazo. En cambio ahora hace tres a\u00f1os consecutivos venimos perdiendo de a\npoco. Es como un c\u00e1ncer que va matando la industria&#8221;.<\/p>\n\n\n\n<p>&#8220;Hay empresas que han invertido millones de d\u00f3lares y\nahora pierden un capital monstruoso. Hoy ni siquiera el problema es la\nimportaci\u00f3n, porque los importadores tambi\u00e9n se est\u00e1n fundiendo todos, lo fundamental\ny principal es la falta de consumo&#8221;, enfatiz\u00f3 Kim, en declaraciones\nradiales.<\/p>\n\n\n\n<p>En ese sentido, dijo: &#8220;\u00bfQui\u00e9n va a querer invertir as\u00ed\nen Argentina? Todos los empresarios estamos usando reservas y vendiendo\npropiedades de patrimonio personal para poder subsistir\u201d.<\/p>\n\n\n\n<p>A su criterio, &#8220;las medidas del Gobierno no son\nsoluciones definitivas, el problema principal es el consumo, si siguen cayendo\nlas cifras, tenemos que hablar de cierres definitivos de empresas&#8221;.<\/p>\n\n\n\n<p>El directivo hizo referencia, adem\u00e1s, a las estad\u00edsticas\nsobre el uso de capacidad instalada de las empresas que difundi\u00f3 el martes el\nINDEC: ese indicador se encuentra en el nivel m\u00e1s bajo desde julio de 2002, ya\nque a enero de este a\u00f1o las f\u00e1bricas trabajaban al 56,2% de su potencial.<\/p>\n\n\n\n<p>&#8220;No es sorprendente este informe del INDEC porque es el\nn\u00famero que venimos manejando, est\u00e1 cayendo la utilizaci\u00f3n de maquinaria desde\nhace diez meses. Pero esperamos que esto sea el fondo y que no contin\u00fae la\ncrisis&#8221;, evalu\u00f3.<\/p>\n\n\n\n<p>Por \u00faltimo, coment\u00f3: &#8220;Es muy dif\u00edcil saber cu\u00e1nto\npodemos aguantar. Hay empresas que est\u00e1n cerrando hoy y el 95% de los\nempresarios textiles est\u00e1n perdiendo plata, se est\u00e1n descapitalizando&#8221;.<\/p>\n\n\n\n<p><strong>Situaci\u00f3n cr\u00edtica en\nCorrientes<\/strong><\/p>\n\n\n\n<p>El presidente de la Asociaci\u00f3n Obrera Textil, Ra\u00fal Esquivel,\nse\u00f1al\u00f3 este mi\u00e9rcoles que las siete industrias textiles de Corrientes\natravesaban una situaci\u00f3n &#8220;cr\u00edtica&#8221;, en las que &#8220;reina la\nincertidumbre&#8221; y que &#8220;no hay perspectivas para nadie&#8221;.<\/p>\n\n\n\n<p>&#8220;La apertura de las importaciones y la baja del consumo\nen el mercado interno, producen un exceso de stock y la inactividad en las\nplantas que pone en riesgo la estabilidad de los trabajadores&#8221;, afirm\u00f3 en\ndeclaraciones a T\u00e9lam.<\/p>\n\n\n\n<p>En este sentido, mencion\u00f3 que &#8220;la firma Tipoit\u00ed, que\ntiene 700 trabajadores, cerr\u00f3 sus puertas desde diciembre hasta principio de\nfebrero. Interrumpi\u00f3 la actividad por primera vez en 70 a\u00f1os&#8221;.<\/p>\n\n\n\n<p>Y, explic\u00f3 que si bien en esa empresa &#8220;ya arranc\u00f3 la\nactividad, hay un turno menos&#8221; y esa suspensi\u00f3n es rotativa para los\noperarios, que cobran el 70% de los haberes cuando les toca el turno faltante.<\/p>\n\n\n\n<p>Agreg\u00f3 que el a\u00f1o pasado, en la empresa textil Alpargatas,\nubicada en la localidad de Bella Vista, hubo 75 despidos &#8220;tambi\u00e9n tienen\nacumulaci\u00f3n de stock y no hay actividad los fines de semana&#8221;, donde\ntodav\u00eda quedan m\u00e1s de 400 empleados.<\/p>\n\n\n\n<p>Sobre Textil Noreste S.A de Monte Caseros, se\u00f1al\u00f3 que sus\n300 trabajadores &#8220;est\u00e1n percibiendo el salario en tres cuotas&#8221; y que\nen Textil Iber\u00e1 de la Capital &#8220;donde ya hubo despidos en 2017, ahora no\nest\u00e1n trabajando los fines de semana&#8221;.<\/p>\n\n\n\n<p>Por otra parte, la planta textil Emilio Alal de Goya, que\ntiene 260 operarios, &#8220;tuvo problemas en el pago de los aguinaldos&#8221; y\nla Cooperativa Coprolan de Curuz\u00fa Cuati\u00e1, &#8220;tambi\u00e9n est\u00e1 atravesando una\nsituaci\u00f3n dif\u00edcil&#8221;.<\/p>\n\n\n\n<p>El sindicalista dijo que la f\u00e1brica Tenimb\u00f3 de la localidad\ncorrentina de Esquina, &#8220;despidi\u00f3 a 40 trabajadores en el mes de mayo y la\nplanta se redujo a la mitad&#8221;.<\/p>\n\n\n\n<p>Esquivel afirm\u00f3 que en las mencionadas empresas hay\n&#8220;alta tecnolog\u00eda e inversiones, pero no sabemos lo que va a pasar, hay\nmucha incertidumbre entre los trabajadores y no vemos perspectivas para\nnadie&#8221;.<\/p>\n","protected":false},"excerpt":{"rendered":"<p>As\u00ed lo se\u00f1al\u00f3 el titular de la Fundaci\u00f3n Protejer, Yeal Kim. &#8220;Hoy ni siquiera el problema es la importaci\u00f3n, porque los importadores tambi\u00e9n se est\u00e1n fundiendo todos, lo fundamental y principal es la falta de consumo&#8221;, advirti\u00f3. La Asociaci\u00f3n Obrera Textil se\u00f1al\u00f3 que la situaci\u00f3n es &#8220;cr\u00edtica&#8221; en las siete industrias de Corrientes El presidente de la Fundaci\u00f3n Protejer, Yeal Kim, advirti\u00f3 que la industria textil &#8220;est\u00e1 agonizando&#8221; y atraviesa &#8220;una situaci\u00f3n muy similar&#8221; a la crisis que sufri\u00f3 el pa\u00eds en 2002, con la salida de la Convertibilidad. Seg\u00fan&#8230;<\/p>\n","protected":false},"author":3,"featured_media":39820,"comment_status":"closed","ping_status":"closed","sticky":false,"template":"","format":"standard","meta":[],"categories":[2],"tags":[],"_links":{"self":[{"href":"https:\/\/www.actualidadadiario.com\/index.php\/wp-json\/wp\/v2\/posts\/41799"}],"collection":[{"href":"https:\/\/www.actualidadadiario.com\/index.php\/wp-json\/wp\/v2\/posts"}],"about":[{"href":"https:\/\/www.actualidadadiario.com\/index.php\/wp-json\/wp\/v2\/types\/post"}],"author":[{"embeddable":true,"href":"https:\/\/www.actualidadadiario.com\/index.php\/wp-json\/wp\/v2\/users\/3"}],"replies":[{"embeddable":true,"href":"https:\/\/www.actualidadadiario.com\/index.php\/wp-json\/wp\/v2\/comments?post=41799"}],"version-history":[{"count":1,"href":"https:\/\/www.actualidadadiario.com\/index.php\/wp-json\/wp\/v2\/posts\/41799\/revisions"}],"predecessor-version":[{"id":41800,"href":"https:\/\/www.actualidadadiario.com\/index.php\/wp-json\/wp\/v2\/posts\/41799\/revisions\/41800"}],"wp:featuredmedia":[{"embeddable":true,"href":"https:\/\/www.actualidadadiario.com\/index.php\/wp-json\/wp\/v2\/media\/39820"}],"wp:attachment":[{"href":"https:\/\/www.actualidadadiario.com\/index.php\/wp-json\/wp\/v2\/media?parent=41799"}],"wp:term":[{"taxonomy":"category","embeddable":true,"href":"https:\/\/www.actualidadadiario.com\/index.php\/wp-json\/wp\/v2\/categories?post=41799"},{"taxonomy":"post_tag","embeddable":true,"href":"https:\/\/www.actualidadadiario.com\/index.php\/wp-json\/wp\/v2\/tags?post=41799"}],"curies":[{"name":"wp","href":"https:\/\/api.w.org\/{rel}","templated":true}]}}