{"id":41790,"date":"2019-03-14T11:03:27","date_gmt":"2019-03-14T14:03:27","guid":{"rendered":"https:\/\/www.actualidadadiario.com\/?p=41790"},"modified":"2019-05-06T20:54:06","modified_gmt":"2019-05-06T23:54:06","slug":"es-baja-la-participacion-de-los-jovenes-en-las-elecciones-entrerrianas","status":"publish","type":"post","link":"https:\/\/www.actualidadadiario.com\/index.php\/2019\/03\/14\/es-baja-la-participacion-de-los-jovenes-en-las-elecciones-entrerrianas\/","title":{"rendered":"Es baja la participaci\u00f3n de los j\u00f3venes en las elecciones entrerrianas"},"content":{"rendered":"\n<p><strong><em>\u201cLos que van a votar representan apenas el 3 por ciento del total habilitado para hacerlo\u201d, dijo el director de la encuestadora Grupo Mercado de Paran\u00e1, Jorge Macluf, respecto al derecho de concurrir a las urnas que asiste a los j\u00f3venes de 16 a\u00f1os desde el 2012 para cargos nacionales y desde el 2015 para provinciales<\/em><\/strong><\/p>\n\n\n\n<p><\/p>\n\n\n\n<p><\/p>\n\n\n\n<p>Para las elecciones generales de 2015, la C\u00e1mara Nacional\nElectoral informaba que hab\u00eda 36524 j\u00f3venes de 16 a\u00f1os en condiciones de votar\nen Entre R\u00edos.&nbsp; Sin embargo, los datos de\nlas \u00faltimas elecciones muestran que es muy baja la participaci\u00f3n de este segmento\netario en las urnas.<\/p>\n\n\n\n<p>As\u00ed lo indic\u00f3 el director de la encuestadora Grupo Mercado\nde Paran\u00e1, Jorge Macluff, quien precis\u00f3 que en base a los datos de las \u00faltimas\nelecciones, \u201clos que van a votar representan apenas el 3 por ciento del total\nhabilitado para hacerlo\u201d.<\/p>\n\n\n\n<p>En consecuencia, si bien \u201ces importante la cantidad de\nelectores que se incorporan al padr\u00f3n\u201d a partir de los 16 a\u00f1os, \u201cen t\u00e9rminos de\nresultados, es muy liviano el peso espec\u00edfico de esa franja etaria\u201d, dijo el\nencuestador en di\u00e1logo con el programa Esto que se dice, por la FM Municipal\nRadio Costa Paran\u00e1.<\/p>\n\n\n\n<p>Macluf coment\u00f3 adem\u00e1s que \u201centre los j\u00f3venes hay informaci\u00f3n\nelectoral disponible\u201d, pero distingui\u00f3 que \u201cel nivel de conocimiento sobre\nestos temas es muy bajo por el desinter\u00e9s general existente, m\u00e1s all\u00e1 de que\nhaya nichos. El desinter\u00e9s es importante\u201d, marc\u00f3 para agregar luego que \u201cpor\notro lado los j\u00f3venes viven en un mundo m\u00e1s inmediato\u201d, como es por ejemplo el\nde las plataformas digitales.<\/p>\n\n\n\n<p>A la hora de estudiar esta porci\u00f3n del electorado, \u201chay que\nfocalizar aspectos diferentes a los otros grupos etareos porque los j\u00f3venes\ntienen una manera distinta de comunicarse, tienen motivaciones diferentes a los\nadultos y poseen otras particularidades\u201d, aport\u00f3.<\/p>\n","protected":false},"excerpt":{"rendered":"<p>\u201cLos que van a votar representan apenas el 3 por ciento del total habilitado para hacerlo\u201d, dijo el director de la encuestadora Grupo Mercado de Paran\u00e1, Jorge Macluf, respecto al derecho de concurrir a las urnas que asiste a los j\u00f3venes de 16 a\u00f1os desde el 2012 para cargos nacionales y desde el 2015 para provinciales Para las elecciones generales de 2015, la C\u00e1mara Nacional Electoral informaba que hab\u00eda 36524 j\u00f3venes de 16 a\u00f1os en condiciones de votar en Entre R\u00edos.&nbsp; Sin embargo, los datos de las \u00faltimas elecciones muestran&#8230;<\/p>\n","protected":false},"author":3,"featured_media":41791,"comment_status":"closed","ping_status":"closed","sticky":false,"template":"","format":"standard","meta":[],"categories":[15],"tags":[],"_links":{"self":[{"href":"https:\/\/www.actualidadadiario.com\/index.php\/wp-json\/wp\/v2\/posts\/41790"}],"collection":[{"href":"https:\/\/www.actualidadadiario.com\/index.php\/wp-json\/wp\/v2\/posts"}],"about":[{"href":"https:\/\/www.actualidadadiario.com\/index.php\/wp-json\/wp\/v2\/types\/post"}],"author":[{"embeddable":true,"href":"https:\/\/www.actualidadadiario.com\/index.php\/wp-json\/wp\/v2\/users\/3"}],"replies":[{"embeddable":true,"href":"https:\/\/www.actualidadadiario.com\/index.php\/wp-json\/wp\/v2\/comments?post=41790"}],"version-history":[{"count":1,"href":"https:\/\/www.actualidadadiario.com\/index.php\/wp-json\/wp\/v2\/posts\/41790\/revisions"}],"predecessor-version":[{"id":41792,"href":"https:\/\/www.actualidadadiario.com\/index.php\/wp-json\/wp\/v2\/posts\/41790\/revisions\/41792"}],"wp:featuredmedia":[{"embeddable":true,"href":"https:\/\/www.actualidadadiario.com\/index.php\/wp-json\/wp\/v2\/media\/41791"}],"wp:attachment":[{"href":"https:\/\/www.actualidadadiario.com\/index.php\/wp-json\/wp\/v2\/media?parent=41790"}],"wp:term":[{"taxonomy":"category","embeddable":true,"href":"https:\/\/www.actualidadadiario.com\/index.php\/wp-json\/wp\/v2\/categories?post=41790"},{"taxonomy":"post_tag","embeddable":true,"href":"https:\/\/www.actualidadadiario.com\/index.php\/wp-json\/wp\/v2\/tags?post=41790"}],"curies":[{"name":"wp","href":"https:\/\/api.w.org\/{rel}","templated":true}]}}