{"id":41787,"date":"2019-03-14T11:02:40","date_gmt":"2019-03-14T14:02:40","guid":{"rendered":"https:\/\/www.actualidadadiario.com\/?p=41787"},"modified":"2019-05-06T20:54:26","modified_gmt":"2019-05-06T23:54:26","slug":"elvio-guia-todas-las-economias-regionales-y-muchos-productores-estan-pasando-un-mal-momento","status":"publish","type":"post","link":"https:\/\/www.actualidadadiario.com\/index.php\/2019\/03\/14\/elvio-guia-todas-las-economias-regionales-y-muchos-productores-estan-pasando-un-mal-momento\/","title":{"rendered":"Elvio Gu\u00eda: \u201cTodas las econom\u00edas regionales y muchos productores est\u00e1n pasando un mal momento\u201d"},"content":{"rendered":"\n<p><strong><em>El titular de Federaci\u00f3n Agraria Entre R\u00edos, Elvio Gu\u00eda, se refiri\u00f3 a los anuncios del presidente Mauricio Macri para el sector del agro: \u201cTodo suma pero no alcanza\u201d, expres\u00f3 el dirigente rural. En esa l\u00ednea, explic\u00f3 que \u201ctodas las econom\u00edas regionales y muchos productores agr\u00edcolas est\u00e1n pasando un mal momento\u201d. Agreg\u00f3 que \u201clo que se necesita es capital de trabajo\u201d porque \u201cmuchos productores necesitan acceder al cr\u00e9dito para seguir produciendo, sembrando y apostando\u201d. \u201cEl productor se financi\u00f3 mucho con su bolsillo o a trav\u00e9s de sistemas cooperativos. Ahora va a haber una buena cosecha y se necesita afrontar la que viene\u201d, manifest\u00f3 Gu\u00eda. Luego, critic\u00f3 al gobierno nacional por no cumplir con su promesa de eliminar las retenciones: \u201cNo se cumpli\u00f3. Yo estuve en Expoagro ayer y hoy, con el secretario de Agroindustria de la Naci\u00f3n, Luis Miguel Etchevehere, y ya dijo que para el 2020 van a intentar bajar o quitar las retenciones\u201d<\/em><\/strong><\/p>\n\n\n\n<p><\/p>\n\n\n\n<p><\/p>\n\n\n\n<p>\u201cNo se cumpli\u00f3\u201d con el anuncio de campa\u00f1a de Macri de\neliminar las retenciones, cuestionan desde la Federaci\u00f3n Agraria. \u201cTodas las\neconom\u00edas regionales y muchos productores agr\u00edcolas est\u00e1n pasando un mal momento\u201d,\nlament\u00f3<\/p>\n\n\n\n<p>Tras el anuncio de una serie de medidas para productores\nrurales por parte del presidente Mauricio Macri, el titular de la Federaci\u00f3n\nAgraria Argentina en Entre R\u00edos, Elvio Gu\u00eda, sostuvo que \u201ctodo suma pero no\nalcanza\u201d.<\/p>\n\n\n\n<p>En di\u00e1logo con Canal Nueve Litoral, expres\u00f3 que \u201clo que se\nnecesita es capital de trabajo. Muchos productores necesitan acceder al cr\u00e9dito\nno para compra de maquinarias, sino para seguir produciendo, sembrando y\napostando\u201d.<\/p>\n\n\n\n<p>\u201cEl productor se financi\u00f3 mucho con su bolsillo o a trav\u00e9s\nde sistemas cooperativos. Ahora va a haber una buena cosecha y se necesita\nafrontar la que viene\u201d, manifest\u00f3 Gu\u00eda.<\/p>\n\n\n\n<p>\u201cTodas las econom\u00edas regionales y muchos productores\nagr\u00edcolas est\u00e1n pasando un mal momento, porque han quedado desfinanciados o,\ncomo sucede en el norte de Santa Fe, perdieron pr\u00e1cticamente todo por las condiciones\nclim\u00e1ticas\u201d, agreg\u00f3.<\/p>\n\n\n\n<p>Hab\u00eda gran expectativa de que Macri anunciara una quita de\nretenciones, una promesa de campa\u00f1a que finalmente no fue se concret\u00f3. \u201cNo se\ncumpli\u00f3. Yo estuve en Expoagro ayer y hoy, con el secretario de Agroindustria\nde la Naci\u00f3n, Luis Miguel Etchevehere, y ya dijo que para el 2020 van a\nintentar bajar o quitar las retenciones\u201d, se\u00f1al\u00f3 Gu\u00eda.<\/p>\n\n\n\n<p>\u201cHasta que no lo veamos, no lo tenemos. Queremos ser\noptimistas pero para saber de qu\u00e9 color es el chancho hay que tener el pelo en\nla mano\u201d, remarc\u00f3.<\/p>\n","protected":false},"excerpt":{"rendered":"<p>El titular de Federaci\u00f3n Agraria Entre R\u00edos, Elvio Gu\u00eda, se refiri\u00f3 a los anuncios del presidente Mauricio Macri para el sector del agro: \u201cTodo suma pero no alcanza\u201d, expres\u00f3 el dirigente rural. En esa l\u00ednea, explic\u00f3 que \u201ctodas las econom\u00edas regionales y muchos productores agr\u00edcolas est\u00e1n pasando un mal momento\u201d. Agreg\u00f3 que \u201clo que se necesita es capital de trabajo\u201d porque \u201cmuchos productores necesitan acceder al cr\u00e9dito para seguir produciendo, sembrando y apostando\u201d. \u201cEl productor se financi\u00f3 mucho con su bolsillo o a trav\u00e9s de sistemas cooperativos. Ahora va a&#8230;<\/p>\n","protected":false},"author":3,"featured_media":41789,"comment_status":"closed","ping_status":"closed","sticky":false,"template":"","format":"standard","meta":[],"categories":[15],"tags":[],"_links":{"self":[{"href":"https:\/\/www.actualidadadiario.com\/index.php\/wp-json\/wp\/v2\/posts\/41787"}],"collection":[{"href":"https:\/\/www.actualidadadiario.com\/index.php\/wp-json\/wp\/v2\/posts"}],"about":[{"href":"https:\/\/www.actualidadadiario.com\/index.php\/wp-json\/wp\/v2\/types\/post"}],"author":[{"embeddable":true,"href":"https:\/\/www.actualidadadiario.com\/index.php\/wp-json\/wp\/v2\/users\/3"}],"replies":[{"embeddable":true,"href":"https:\/\/www.actualidadadiario.com\/index.php\/wp-json\/wp\/v2\/comments?post=41787"}],"version-history":[{"count":1,"href":"https:\/\/www.actualidadadiario.com\/index.php\/wp-json\/wp\/v2\/posts\/41787\/revisions"}],"predecessor-version":[{"id":41788,"href":"https:\/\/www.actualidadadiario.com\/index.php\/wp-json\/wp\/v2\/posts\/41787\/revisions\/41788"}],"wp:featuredmedia":[{"embeddable":true,"href":"https:\/\/www.actualidadadiario.com\/index.php\/wp-json\/wp\/v2\/media\/41789"}],"wp:attachment":[{"href":"https:\/\/www.actualidadadiario.com\/index.php\/wp-json\/wp\/v2\/media?parent=41787"}],"wp:term":[{"taxonomy":"category","embeddable":true,"href":"https:\/\/www.actualidadadiario.com\/index.php\/wp-json\/wp\/v2\/categories?post=41787"},{"taxonomy":"post_tag","embeddable":true,"href":"https:\/\/www.actualidadadiario.com\/index.php\/wp-json\/wp\/v2\/tags?post=41787"}],"curies":[{"name":"wp","href":"https:\/\/api.w.org\/{rel}","templated":true}]}}