{"id":41785,"date":"2019-03-14T11:01:39","date_gmt":"2019-03-14T14:01:39","guid":{"rendered":"https:\/\/www.actualidadadiario.com\/?p=41785"},"modified":"2019-05-06T20:56:33","modified_gmt":"2019-05-06T23:56:33","slug":"bordet-valoro-el-gesto-de-continuar-las-negociaciones-salariales-docentes-con-los-chicos-en-la-escuela","status":"publish","type":"post","link":"https:\/\/www.actualidadadiario.com\/index.php\/2019\/03\/14\/bordet-valoro-el-gesto-de-continuar-las-negociaciones-salariales-docentes-con-los-chicos-en-la-escuela\/","title":{"rendered":"Bordet valor\u00f3 el gesto de continuar las negociaciones salariales docentes con los chicos en la escuela"},"content":{"rendered":"\n<p><strong><em>El gobernador Gustavo Bordet reconoci\u00f3 el gesto de los gremios docentes de \u201ccontinuar con las negociaciones en las aulas\u201d, ratific\u00f3 la continuidad del di\u00e1logo en el marco de la paritaria y consider\u00f3 que llegar\u00e1n a un acuerdo \u201cporque hay voluntad de llegar a un punto de coincidencia\u201d<\/em><\/strong><\/p>\n\n\n\n<p><\/p>\n\n\n\n<p><\/p>\n\n\n\n<p>Fue en el marco del acto de inauguraci\u00f3n de los m\u00e1stiles\nubicados en la Plaza Mansilla, con motivo de conmemorarse el 233 aniversario\ndel natalicio del general Francisco Ram\u00edrez.<\/p>\n\n\n\n<p>Con los gremios docentes \u201cla negociaci\u00f3n va a seguir como\nsiempre, conversando\u201d, reafirm\u00f3 el gobernador ante la prensa, tras el rechazo a\nla \u00faltima oferta salarial por parte del congreso de Agmer. \u201cY lo importante es\nque se ha determinado tambi\u00e9n que no habr\u00e1 paros, con lo cual est\u00e1n\ngarantizadas las clases para nuestros chicos\u201d, agreg\u00f3. <\/p>\n\n\n\n<p>En ese sentido, Bordet destac\u00f3: \u201cReconozco el gesto que han\ntenido las organizaciones gremiales de negociar con los chicos en las aulas,\nque era lo que est\u00e1bamos pidiendo\u201d. <\/p>\n\n\n\n<p>\u201cHemos hecho el m\u00e1ximo esfuerzo pero afinaremos la propuesta\ny estamos dispuestos a escuchar sugerencias, que nos har\u00e1n llegar en estos d\u00edas\ny nos estaremos sentando a definir un acuerdo salarial, que no hay ninguna duda\nde que lo vamos a lograr\u201d, ahond\u00f3 el mandatario. <\/p>\n\n\n\n<p>A su vez, asegur\u00f3: \u201cSiempre nos pusimos de acuerdo, puede\ndemorar un poco m\u00e1s o un poco menos, pero acuerdo seguro que vamos a encontrar\nporque hay una voluntad de llegar a un punto de coincidencia. Y lo importante\nes que los chicos van a estar dando clases, que es lo que m\u00e1s me preocupaba\u201d. <\/p>\n","protected":false},"excerpt":{"rendered":"<p>El gobernador Gustavo Bordet reconoci\u00f3 el gesto de los gremios docentes de \u201ccontinuar con las negociaciones en las aulas\u201d, ratific\u00f3 la continuidad del di\u00e1logo en el marco de la paritaria y consider\u00f3 que llegar\u00e1n a un acuerdo \u201cporque hay voluntad de llegar a un punto de coincidencia\u201d Fue en el marco del acto de inauguraci\u00f3n de los m\u00e1stiles ubicados en la Plaza Mansilla, con motivo de conmemorarse el 233 aniversario del natalicio del general Francisco Ram\u00edrez. Con los gremios docentes \u201cla negociaci\u00f3n va a seguir como siempre, conversando\u201d, reafirm\u00f3 el&#8230;<\/p>\n","protected":false},"author":3,"featured_media":40203,"comment_status":"closed","ping_status":"closed","sticky":false,"template":"","format":"standard","meta":[],"categories":[15],"tags":[],"_links":{"self":[{"href":"https:\/\/www.actualidadadiario.com\/index.php\/wp-json\/wp\/v2\/posts\/41785"}],"collection":[{"href":"https:\/\/www.actualidadadiario.com\/index.php\/wp-json\/wp\/v2\/posts"}],"about":[{"href":"https:\/\/www.actualidadadiario.com\/index.php\/wp-json\/wp\/v2\/types\/post"}],"author":[{"embeddable":true,"href":"https:\/\/www.actualidadadiario.com\/index.php\/wp-json\/wp\/v2\/users\/3"}],"replies":[{"embeddable":true,"href":"https:\/\/www.actualidadadiario.com\/index.php\/wp-json\/wp\/v2\/comments?post=41785"}],"version-history":[{"count":1,"href":"https:\/\/www.actualidadadiario.com\/index.php\/wp-json\/wp\/v2\/posts\/41785\/revisions"}],"predecessor-version":[{"id":41786,"href":"https:\/\/www.actualidadadiario.com\/index.php\/wp-json\/wp\/v2\/posts\/41785\/revisions\/41786"}],"wp:featuredmedia":[{"embeddable":true,"href":"https:\/\/www.actualidadadiario.com\/index.php\/wp-json\/wp\/v2\/media\/40203"}],"wp:attachment":[{"href":"https:\/\/www.actualidadadiario.com\/index.php\/wp-json\/wp\/v2\/media?parent=41785"}],"wp:term":[{"taxonomy":"category","embeddable":true,"href":"https:\/\/www.actualidadadiario.com\/index.php\/wp-json\/wp\/v2\/categories?post=41785"},{"taxonomy":"post_tag","embeddable":true,"href":"https:\/\/www.actualidadadiario.com\/index.php\/wp-json\/wp\/v2\/tags?post=41785"}],"curies":[{"name":"wp","href":"https:\/\/api.w.org\/{rel}","templated":true}]}}