{"id":41782,"date":"2019-03-14T11:00:56","date_gmt":"2019-03-14T14:00:56","guid":{"rendered":"https:\/\/www.actualidadadiario.com\/?p=41782"},"modified":"2019-05-06T20:50:29","modified_gmt":"2019-05-06T23:50:29","slug":"se-inauguraron-los-mastiles-ubicados-en-la-plaza-mansilla-de-parana","status":"publish","type":"post","link":"https:\/\/www.actualidadadiario.com\/index.php\/2019\/03\/14\/se-inauguraron-los-mastiles-ubicados-en-la-plaza-mansilla-de-parana\/","title":{"rendered":"Se inauguraron los m\u00e1stiles ubicados en la Plaza Mansilla de Paran\u00e1"},"content":{"rendered":"\n<p><strong><em>La habilitaci\u00f3n de los m\u00e1stiles de 30 metros de altura, donde se izaron la bandera de Entre R\u00edos y la de Argentina, se efectu\u00f3 este mi\u00e9rcoles por la tarde, en el marco de la conmemoraci\u00f3n del 233\u00ba Aniversario del natalicio del General Francisco Ram\u00edrez<\/em><\/strong><\/p>\n\n\n\n<p><\/p>\n\n\n\n<p><\/p>\n\n\n\n<p>El Gobernador, en ese contexto, celebr\u00f3 la oportunidad de\n\u201ccompartir este momento tan emotivo para todos los entrerrianos\u201d.<\/p>\n\n\n\n<p>\u201cSe conmemora un aniversario m\u00e1s del natalicio de Francisco\nRam\u00edrez que fue quien tuvo una preponderancia activa en nuestra provincia\ncuando eran los albores de la Patria, Entre R\u00edos fue una de las provincias\npreexistentes a la Naci\u00f3n, un n\u00facleo de provincias que despu\u00e9s conformaron la\nConfederaci\u00f3n previa al nacimiento como pa\u00eds de Argentina\u201d, rememor\u00f3 el\ngobernador.<\/p>\n\n\n\n<p>En ese orden, a\u00f1adi\u00f3: \u201cEntre R\u00edos tuvo en sus Cabildos en\n1810 tanto en Gualeguay, como en Gualeguaych\u00fa y Concepci\u00f3n del Uruguay una\nimportancia destacada hacia esas jornadas de la Revoluci\u00f3n de Mayo y despu\u00e9s en\ntodo el proceso que se da de la organizaci\u00f3n federal se planta una bandera con\nArtigas, con Ram\u00edrez, con Estanislao L\u00f3pez y que termina en los sucesos de\n1820, con la creaci\u00f3n de la Rep\u00fablica de Entre R\u00edos que abarcaba Entre R\u00edos,\nCorrientes y Misiones\u201d.<\/p>\n\n\n\n<p>\u201cM\u00e1s all\u00e1 de eso, Pancho Ram\u00edrez como gobernador de la\nprovincia de Entre R\u00edos fue quien procur\u00f3 por la educaci\u00f3n p\u00fablica, quien instruy\u00f3\nla formaci\u00f3n de la Polic\u00eda de la provincia de Entre R\u00edos y hoy le rendimos un\njusto y merecido homenaje y lo hacemos en Plaza Mansilla\u201d, continu\u00f3 Bordet.\n\u201cColocamos los m\u00e1stiles de los pabellones patrios, como existen en todas las\nplazas de casas de gobierno de las provincias y Argentina, para izar y arriar\nnuestros pabellones, el nacional y el de la provincia de Entre R\u00edos, por eso\ntiene un doble significado el hecho de estar aqu\u00ed en Plaza Mansilla conmemorado\nel natalicio de Francisco Ram\u00edrez\u201d.<\/p>\n\n\n\n<p>El mandatario estuvo acompa\u00f1ado por su esposa, Mariel \u00c1vila;\nel vicegobernador, Ad\u00e1n Bahl; la ministra de Desarrollo Social, Laura Stratta,\ny los ministros de Econom\u00eda, Hugo Ballay, y de Planeamiento, Infraestructura y\nServicios, Luis Bendetto; la titular del Consejo General de Educaci\u00f3n, Marta\nIraz\u00e1bal de Land\u00f3; el asesor Cultural, Roberto Romani, autoridades de la\nPolic\u00eda de Entre R\u00edos y del Servicio Penitenciario; secretarios del Poder\nEjecutivo provincial; autoridades de entes aut\u00e1rquicos; integrantes de la\nComisi\u00f3n Permanente de Homenajes Linares Cardozo, entre otras autoridades.<\/p>\n\n\n\n<p>En la ceremonia, adem\u00e1s, estuvo presente el cuerpo de los\nDragones de Entre R\u00edos, creado por el general Francisco Ram\u00edrez, que interpret\u00f3\nSoy Entrerriano de Linares Cardozo, entre otros cl\u00e1sicos.<\/p>\n","protected":false},"excerpt":{"rendered":"<p>La habilitaci\u00f3n de los m\u00e1stiles de 30 metros de altura, donde se izaron la bandera de Entre R\u00edos y la de Argentina, se efectu\u00f3 este mi\u00e9rcoles por la tarde, en el marco de la conmemoraci\u00f3n del 233\u00ba Aniversario del natalicio del General Francisco Ram\u00edrez El Gobernador, en ese contexto, celebr\u00f3 la oportunidad de \u201ccompartir este momento tan emotivo para todos los entrerrianos\u201d. \u201cSe conmemora un aniversario m\u00e1s del natalicio de Francisco Ram\u00edrez que fue quien tuvo una preponderancia activa en nuestra provincia cuando eran los albores de la Patria, Entre&#8230;<\/p>\n","protected":false},"author":3,"featured_media":41783,"comment_status":"closed","ping_status":"closed","sticky":false,"template":"","format":"standard","meta":[],"categories":[9],"tags":[],"_links":{"self":[{"href":"https:\/\/www.actualidadadiario.com\/index.php\/wp-json\/wp\/v2\/posts\/41782"}],"collection":[{"href":"https:\/\/www.actualidadadiario.com\/index.php\/wp-json\/wp\/v2\/posts"}],"about":[{"href":"https:\/\/www.actualidadadiario.com\/index.php\/wp-json\/wp\/v2\/types\/post"}],"author":[{"embeddable":true,"href":"https:\/\/www.actualidadadiario.com\/index.php\/wp-json\/wp\/v2\/users\/3"}],"replies":[{"embeddable":true,"href":"https:\/\/www.actualidadadiario.com\/index.php\/wp-json\/wp\/v2\/comments?post=41782"}],"version-history":[{"count":1,"href":"https:\/\/www.actualidadadiario.com\/index.php\/wp-json\/wp\/v2\/posts\/41782\/revisions"}],"predecessor-version":[{"id":41784,"href":"https:\/\/www.actualidadadiario.com\/index.php\/wp-json\/wp\/v2\/posts\/41782\/revisions\/41784"}],"wp:featuredmedia":[{"embeddable":true,"href":"https:\/\/www.actualidadadiario.com\/index.php\/wp-json\/wp\/v2\/media\/41783"}],"wp:attachment":[{"href":"https:\/\/www.actualidadadiario.com\/index.php\/wp-json\/wp\/v2\/media?parent=41782"}],"wp:term":[{"taxonomy":"category","embeddable":true,"href":"https:\/\/www.actualidadadiario.com\/index.php\/wp-json\/wp\/v2\/categories?post=41782"},{"taxonomy":"post_tag","embeddable":true,"href":"https:\/\/www.actualidadadiario.com\/index.php\/wp-json\/wp\/v2\/tags?post=41782"}],"curies":[{"name":"wp","href":"https:\/\/api.w.org\/{rel}","templated":true}]}}