{"id":41776,"date":"2019-03-14T10:59:32","date_gmt":"2019-03-14T13:59:32","guid":{"rendered":"https:\/\/www.actualidadadiario.com\/?p=41776"},"modified":"2019-05-06T20:57:09","modified_gmt":"2019-05-06T23:57:09","slug":"agmer-rechazo-la-oferta-pero-no-realizara-paro-pide-clausula-gatillo-mensual","status":"publish","type":"post","link":"https:\/\/www.actualidadadiario.com\/index.php\/2019\/03\/14\/agmer-rechazo-la-oferta-pero-no-realizara-paro-pide-clausula-gatillo-mensual\/","title":{"rendered":"Agmer rechaz\u00f3 la oferta pero no realizar\u00e1 paro: Pide &#8220;cl\u00e1usula gatillo&#8221; mensual"},"content":{"rendered":"\n<p><strong><em>Agmer, en Congreso, rechaz\u00f3 la propuesta salarial del Gobierno. Dentro de las resoluciones del c\u00f3nclave demandan &#8220;la devoluci\u00f3n de lo descontado por d\u00edas de paro&#8221;. No se resolvi\u00f3 paro<\/em><\/strong><\/p>\n\n\n\n<p><\/p>\n\n\n\n<p><\/p>\n\n\n\n<p>El congreso provincial de la Asociaci\u00f3n Gremial del\nMagisterio de Entre R\u00edos (Agmer) que sesion\u00f3 en San Salvador, decidi\u00f3 rechazar\nla \u00faltima oferta salarial que present\u00f3 el Gobierno, tal como se preve\u00eda, en las\n\u00faltimas horas. As\u00ed lo comunicaron&nbsp; desde el\ngremio docente.<\/p>\n\n\n\n<p>Cabe recordar que la tercera oferta salarial del Gobierno,\nconsist\u00eda en 20% de aumento, en dos tramos del 10%, en marzo y el segundo, en\nel mes de mayo.<\/p>\n\n\n\n<p><strong>Las resoluciones del\nCongreso que sesion\u00f3 en San Salvador<\/strong><\/p>\n\n\n\n<p>&#8211; Mandatar a los miembros paritarios a asistir a la\naudiencia a los efectos de comunicar el rechazo de la oferta y plantear las\nsiguientes demandas:<\/p>\n\n\n\n<p>1) Incorporar una cl\u00e1usula de actualizaci\u00f3n autom\u00e1tica\nmensual.<\/p>\n\n\n\n<p>2) Explicitar que un 11% de lo ofrecido, sobre los haberes\nde diciembre de 2018, corresponde al recupero de la p\u00e9rdida salarial de dicho\na\u00f1o.<\/p>\n\n\n\n<p>3) Exigir la devoluci\u00f3n de lo descontado por paro.<\/p>\n\n\n\n<p>&#8211; Demandar una respuesta no m\u00e1s all\u00e1 del 18 de marzo.<\/p>\n\n\n\n<p>&#8211; Congreso en cuarto intermedio no m\u00e1s all\u00e1 del 21 de marzo.<\/p>\n\n\n\n<p>Adem\u00e1s, en el c\u00f3nclave no se resolvi\u00f3 realizar medidas de\nfuerza, a la espera de una nueva propuesta salarial.<\/p>\n","protected":false},"excerpt":{"rendered":"<p>Agmer, en Congreso, rechaz\u00f3 la propuesta salarial del Gobierno. Dentro de las resoluciones del c\u00f3nclave demandan &#8220;la devoluci\u00f3n de lo descontado por d\u00edas de paro&#8221;. No se resolvi\u00f3 paro El congreso provincial de la Asociaci\u00f3n Gremial del Magisterio de Entre R\u00edos (Agmer) que sesion\u00f3 en San Salvador, decidi\u00f3 rechazar la \u00faltima oferta salarial que present\u00f3 el Gobierno, tal como se preve\u00eda, en las \u00faltimas horas. As\u00ed lo comunicaron&nbsp; desde el gremio docente. Cabe recordar que la tercera oferta salarial del Gobierno, consist\u00eda en 20% de aumento, en dos tramos del&#8230;<\/p>\n","protected":false},"author":3,"featured_media":41777,"comment_status":"closed","ping_status":"closed","sticky":false,"template":"","format":"standard","meta":[],"categories":[15],"tags":[],"_links":{"self":[{"href":"https:\/\/www.actualidadadiario.com\/index.php\/wp-json\/wp\/v2\/posts\/41776"}],"collection":[{"href":"https:\/\/www.actualidadadiario.com\/index.php\/wp-json\/wp\/v2\/posts"}],"about":[{"href":"https:\/\/www.actualidadadiario.com\/index.php\/wp-json\/wp\/v2\/types\/post"}],"author":[{"embeddable":true,"href":"https:\/\/www.actualidadadiario.com\/index.php\/wp-json\/wp\/v2\/users\/3"}],"replies":[{"embeddable":true,"href":"https:\/\/www.actualidadadiario.com\/index.php\/wp-json\/wp\/v2\/comments?post=41776"}],"version-history":[{"count":1,"href":"https:\/\/www.actualidadadiario.com\/index.php\/wp-json\/wp\/v2\/posts\/41776\/revisions"}],"predecessor-version":[{"id":41778,"href":"https:\/\/www.actualidadadiario.com\/index.php\/wp-json\/wp\/v2\/posts\/41776\/revisions\/41778"}],"wp:featuredmedia":[{"embeddable":true,"href":"https:\/\/www.actualidadadiario.com\/index.php\/wp-json\/wp\/v2\/media\/41777"}],"wp:attachment":[{"href":"https:\/\/www.actualidadadiario.com\/index.php\/wp-json\/wp\/v2\/media?parent=41776"}],"wp:term":[{"taxonomy":"category","embeddable":true,"href":"https:\/\/www.actualidadadiario.com\/index.php\/wp-json\/wp\/v2\/categories?post=41776"},{"taxonomy":"post_tag","embeddable":true,"href":"https:\/\/www.actualidadadiario.com\/index.php\/wp-json\/wp\/v2\/tags?post=41776"}],"curies":[{"name":"wp","href":"https:\/\/api.w.org\/{rel}","templated":true}]}}