{"id":41773,"date":"2019-03-14T10:58:52","date_gmt":"2019-03-14T13:58:52","guid":{"rendered":"https:\/\/www.actualidadadiario.com\/?p=41773"},"modified":"2019-05-06T20:56:34","modified_gmt":"2019-05-06T23:56:34","slug":"bordet-inauguro-las-primeras-viviendas-construidas-integramente-con-fondos-provinciales","status":"publish","type":"post","link":"https:\/\/www.actualidadadiario.com\/index.php\/2019\/03\/14\/bordet-inauguro-las-primeras-viviendas-construidas-integramente-con-fondos-provinciales\/","title":{"rendered":"Bordet inaugur\u00f3 las primeras viviendas construidas \u00edntegramente con fondos provinciales"},"content":{"rendered":"\n<p><strong><em>\u201cCumplimos con el mandato que nos dieron los entrerrianos de llevar adelante pol\u00edticas p\u00fablicas, con transparencia y responsabilidad y promoviendo derechos como el de la casa propia\u201d, afirm\u00f3 el gobernador Gustavo Bordet en Villaguay al entregar las primeras viviendas construidas con fondos propios<\/em><\/strong><\/p>\n\n\n\n<p><\/p>\n\n\n\n<p><\/p>\n\n\n\n<p>Junto a la intendenta Claudia Monjo, el mandatario inaugur\u00f3\nun nuevo grupo habitacional que fue construido con fondos \u00edntegramente\nprovinciales, a trav\u00e9s del programa Primero tu casa del Instituto Aut\u00e1rquico de\nPlaneamiento y Vivienda (IAPV), con una inversi\u00f3n de m\u00e1s de 17 millones de\npesos. Tambi\u00e9n estuvieron presentes el senador por el departamento, Mario\nTorres; y el presidente del IAPV, Marcelo Casaretto.<\/p>\n\n\n\n<p>El gobernador salud\u00f3 especialmente a las 16 familias\nadjudicatarias de las nuevas viviendas que tienen, dijo, \u201cun significado muy\nespecial para nosotros porque este programa lo implementamos desde la\nprovincia. Hac\u00eda m\u00e1s de 20 a\u00f1os que en la provincia de Entre R\u00edos no se constru\u00edan\nviviendas con fondos propios, afectados del Tesoro y del IAPV, ya que todos los\nprogramas eran nacionales&#8221;, expres\u00f3.<\/p>\n\n\n\n<p>Luego agreg\u00f3 que &#8220;cuando empezamos a ver que se estaban\ncortando todos los programas de vivienda en la Naci\u00f3n y cada vez hab\u00eda menos viviendas\nen la provincia, decidimos lanzar este plan para cubrir las necesidades\nhabitacionales que existen en nuestra provincia, hay una gran demanda de\nfamilias que no pueden acceder a un derecho constitucional como el de la\nvivienda propia&#8221;, sostuvo Bordet.<\/p>\n\n\n\n<p>Y adem\u00e1s destac\u00f3 que la construcci\u00f3n de viviendas genera\nmucha mano de obra. &#8220;Ve\u00edamos con preocupaci\u00f3n que al cortarse los programa\nde viviendas, hab\u00eda muchos obreros de la construcci\u00f3n que quedaban\ndesempleados&#8221;, indic\u00f3.<\/p>\n\n\n\n<p>&#8220;Por eso diagramamos un programa para 1.000 viviendas\nen la provincia y para hacerlo r\u00e1pidamente, en un a\u00f1o ten\u00edamos que terminar las\nprimeras, estas son las primeras 16, y en lo sucesivo estaremos entregando las\nrestantes para completar las 1.000 durante este a\u00f1o para renovar y relanzar el\nprograma a futuro&#8221;, manifest\u00f3 el mandatario.<\/p>\n\n\n\n<p>A su vez, destac\u00f3 que se evita lo que se denomina\ncartelizaci\u00f3n de la obra p\u00fablica, es decir que las grandes empresas tomen la\ntotalidad de las viviendas y acaparen la construcci\u00f3n en toda la provincia.\n&#8220;Poder hacerlo con unidades, en municipios y juntas de gobierno, hace que\nsean muchas m\u00e1s las empresas que se presenten, que haya una sana competencia\nentre las empresas, que haya rendici\u00f3n de cuentas clara de los dineros que se\naplican y que la manos de obra que se emplee sea del mismo lugar porque as\u00ed se\ngenera el c\u00edrculo virtuoso del trabajo&#8221;, sostuvo el gobernador.<\/p>\n\n\n\n<p>Respecto al dise\u00f1o de las viviendas, dijo que fue pensando\nen el futuro y en la econom\u00eda del hogar. &#8220;Estas 16 viviendas cuentan con\nun termotanque solar, esto significa un ahorro del 50 por ciento de energ\u00eda y\nen momentos que hemos vivido un tarifazo fenomenal realmente ayuda mucho en la\neconom\u00eda familiar. He dado la instrucci\u00f3n de que esto se realice en todas las\nviviendas del programa Primero tu casa&#8221;, afirm\u00f3.<\/p>\n\n\n\n<p>&#8220;Tenemos la satisfacci\u00f3n de haber cumplido con un\nprograma que se nos presentaba a veces como un gran desaf\u00edo y lograrlo, verlo\nconcretado, resulta gratificante y nos entusiasma para poder relanzar m\u00e1s\nviviendas en la provincia, que m\u00e1s familias accedan a su techo propio y que\nhaya m\u00e1s trabajo genuino de la mano de obras. Este es nuestro compromiso&#8221;,\nexpres\u00f3 Bordet.<\/p>\n\n\n\n<p>Finalmente, dijo: &#8220;Estamos cumpliendo con el mandato\nque nos dieron los vecinos de cada ciudad y junta de gobierno de Entre R\u00edos de\nllevar adelante pol\u00edticas p\u00fablicas, hacerlas con transparencia y\nresponsabilidad, rindiendo cuenta de nuestros actos y reparando derechos como\nel de la vivienda propia&#8221;.<\/p>\n\n\n\n<p><strong>Estado presente<\/strong><\/p>\n\n\n\n<p>Al hacer uso de la palabra, la intendenta Claudia Monjo\nse\u00f1al\u00f3 que &#8220;es un momento \u00fanico y maravillosa poder tener la casa\npropia&#8221; y resalt\u00f3 &#8220;el compromiso de nuestro gobernador; este realmente\nes un Estado presente&#8221;, dijo.<\/p>\n\n\n\n<p>Revel\u00f3 que &#8220;en enero del 2018 vinieron a Villaguay todo\nel equipo del IAPV a anunciar este plan de viviendas que se iba a hacer con\nrecursos propios de la provincia el 100 por ciento. Y no qued\u00f3 en una promesa,\nsino que se present\u00f3 el programa, luego la licitaci\u00f3n y en julio firmamos el\ninicio de obra; en seis meses las viviendas est\u00e1n construidas y las van a poder\nhabitar&#8221;. <\/p>\n\n\n\n<p>&#8220;No fue una promesa, sino que fue un hecho concreto y\nnos llena de alegr\u00eda saber que no quedan las cosas en palabras, sino que hay hechos,\nhay un Estado presente y eso nos tiene que alegrar a todos&#8221;, finaliz\u00f3\nMonjo. <\/p>\n\n\n\n<p><strong>R\u00e9cord<\/strong><\/p>\n\n\n\n<p>Por su parte, el presidente del IAPV, Marcelo Casaretto,\ndijo que \u201cel gobernador Gustavo Bordet dispuso la asignaci\u00f3n presupuestaria\npara hacer el programa provincial Primero tu Casa que fue lanzado oportunamente\nen la ciudad de Villaguay. Nuestro desaf\u00edo fue hacer un programa que fuera, por\nlo menos, cuatro veces m\u00e1s eficiente que los de Naci\u00f3n. Es decir, la demora de\ncuatro a\u00f1os para un plan de vivienda, se redujera a un a\u00f1o o menos&#8221;,\ndetall\u00f3.<\/p>\n\n\n\n<p>&#8220;Cumplido los plazos, esta obra demand\u00f3 poco m\u00e1s de\nocho meses para entregar. Es un r\u00e9cord absoluto en la historia del IAPV en sus\n60 a\u00f1os de historia. Se pudo hacer por la decisi\u00f3n pol\u00edtica del gobernador,\nluego por el acompa\u00f1amiento legislativo y por el trabajo del IAPV&#8221;,\nprecis\u00f3.<\/p>\n\n\n\n<p>En ese marco, explic\u00f3 que &#8220;se utiliz\u00f3 licitaciones de\npeque\u00f1os grupos de viviendas para que se puedan presentar empresas de todos\nEntre R\u00edos. En este caso, una empresa de Villaguay y con trabajadores de esta\nlocalidad&#8221;.<\/p>\n\n\n\n<p>Mencion\u00f3 tambi\u00e9n el caso de Villa Clara, Dom\u00ednguez o\nJubileo, entre otras comunidades del departamento Villaguay, &#8220;en el cual\nse tienen 95 viviendas hechas 100 por ciento con fondos provinciales. Hoy se\ninauguran algunas, y en las pr\u00f3ximas semanas se entregar\u00e1n otras. Tambi\u00e9n hay\nviviendas licitadas para comenzar y con la idea de entregarse antes de fin de\na\u00f1o&#8221;, adelant\u00f3.<\/p>\n\n\n\n<p>A modo de cierre, Casareto agradeci\u00f3 &#8220;la confianza y el\nrespaldo&#8221; del gobernador Bordet. &#8220;Se cumplieron los plazos previstos,\nVillaguay tiene sus viviendas, las empresas de esta localidad trabajaron, se\ncrearon fuentes de trabajo y se generaron ingresos para las familias de los\ntrabajadores, adem\u00e1s de acceder a la casa propio 16 familias de trabajadores\nque muchas veces no puede acceder a un cr\u00e9dito, pero s\u00ed a su casa cuando tiene\nla mano tendida del Estado. Esta es nuestra responsabilidad y compromiso&#8221;,\nconcluy\u00f3.<\/p>\n\n\n\n<p><strong>Inauguraci\u00f3n del\ncentro de monitoreo<\/strong><\/p>\n\n\n\n<p>Otra actividad del gobernador en Villaguay fue inaugurar,\njunto a la intendenta Monjo, al senador Torres y a autoridades de la Polic\u00eda de\nEntre R\u00edos, el centro de monitoreo que surgi\u00f3 del trabajo articulado entre la\nmunicipalidad de Villaguay y la provincia de Entre R\u00edos, a trav\u00e9s del\nMinisterio de Gobierno y de la Polic\u00eda entrerriana.<\/p>\n\n\n\n<p>En ese moderno edificio, que funciona en Alem 557, se\ncontrolan las videoc\u00e1maras y\/o sistemas de captaci\u00f3n de im\u00e1genes instalados en\nla v\u00eda p\u00fablica, con el objeto de garantizar la convivencia ciudadana, la\nutilizaci\u00f3n pac\u00edfica de los espacios p\u00fablicos y la prevenci\u00f3n de delitos y faltas\nde cualquier naturaleza.<\/p>\n\n\n\n<p>Al respecto, el gobernador se\u00f1al\u00f3 que \u201ceste centro de\nmonitoreo tiene caracter\u00edsticas que lo hacen \u00fanico en la provincia. Es una\ninversi\u00f3n conjunta que ha hecho la provincia de Entre R\u00edos y la municipalidad\nde Villaguay que acondicion\u00f3 y construy\u00f3 a nuevo todo este local\u201d.<\/p>\n\n\n\n<p>Explic\u00f3 que se trata de \u201cun sistema integrado de c\u00e1maras que\nposibilita una videovigilancia en los accesos y en el casco urbano de la ciudad\nde Villaguay y que permite despu\u00e9s ampliar con m\u00e1s c\u00e1maras para incorporarse,\nque son compatibles a este sistema. Esto hace que una ciudad sea mucho m\u00e1s\nsegura, que los vecinos de Villaguay se sientan con seguridad en sus\ndomicilios\u201d.<\/p>\n\n\n\n<p>Pero, adem\u00e1s, se\u00f1al\u00f3 que esto \u201cno es solamente para\nseguridad, sino que se replica en materia de emergencias, porque sirve tambi\u00e9n\npara seguridad vial, en caso que haya accidentes, para dilucidar\nresponsabilidades. Y tambi\u00e9n sirve para la emergencia, porque se activa con el\ntel\u00e9fono 101 autom\u00e1ticamente cualquier emergencia que se produzca en la ciudad\ny en el departamento Villaguay\u201d. Asimismo, revel\u00f3 que el sistema \u201cest\u00e1\nconectado con bomberos y con los hospitales para llegar r\u00e1pidamente en una\nemergencia con una ambulancia\u201d.<\/p>\n\n\n\n<p><strong>Aportes<\/strong><\/p>\n\n\n\n<p>Durante el acto se entregaron aportes a instituciones\nsociales, escuelas, clubes, juntas de gobiernos y municipios del departamento.\nRecibieron sus aportes la junta de gobierno de Ingeniero Sajarof; las\nasociaciones cooperadoras de la escuela integral N\u00b0 33, de Villaguay, y de la\nescuela N\u00b0 109 Granaderos de San Mart\u00edn, de Lucas Norte; la asociaci\u00f3n de\nBomberos Voluntarios de Villaguay; en el marco del programa Poder Popular, el\ngrupo asociativo Bater\u00eda Orgullo Zambo, batucada barrial; y el Club Atl\u00e9tico Parque.<\/p>\n","protected":false},"excerpt":{"rendered":"<p>\u201cCumplimos con el mandato que nos dieron los entrerrianos de llevar adelante pol\u00edticas p\u00fablicas, con transparencia y responsabilidad y promoviendo derechos como el de la casa propia\u201d, afirm\u00f3 el gobernador Gustavo Bordet en Villaguay al entregar las primeras viviendas construidas con fondos propios Junto a la intendenta Claudia Monjo, el mandatario inaugur\u00f3 un nuevo grupo habitacional que fue construido con fondos \u00edntegramente provinciales, a trav\u00e9s del programa Primero tu casa del Instituto Aut\u00e1rquico de Planeamiento y Vivienda (IAPV), con una inversi\u00f3n de m\u00e1s de 17 millones de pesos. Tambi\u00e9n estuvieron&#8230;<\/p>\n","protected":false},"author":3,"featured_media":41774,"comment_status":"closed","ping_status":"closed","sticky":false,"template":"","format":"standard","meta":[],"categories":[9],"tags":[],"_links":{"self":[{"href":"https:\/\/www.actualidadadiario.com\/index.php\/wp-json\/wp\/v2\/posts\/41773"}],"collection":[{"href":"https:\/\/www.actualidadadiario.com\/index.php\/wp-json\/wp\/v2\/posts"}],"about":[{"href":"https:\/\/www.actualidadadiario.com\/index.php\/wp-json\/wp\/v2\/types\/post"}],"author":[{"embeddable":true,"href":"https:\/\/www.actualidadadiario.com\/index.php\/wp-json\/wp\/v2\/users\/3"}],"replies":[{"embeddable":true,"href":"https:\/\/www.actualidadadiario.com\/index.php\/wp-json\/wp\/v2\/comments?post=41773"}],"version-history":[{"count":1,"href":"https:\/\/www.actualidadadiario.com\/index.php\/wp-json\/wp\/v2\/posts\/41773\/revisions"}],"predecessor-version":[{"id":41775,"href":"https:\/\/www.actualidadadiario.com\/index.php\/wp-json\/wp\/v2\/posts\/41773\/revisions\/41775"}],"wp:featuredmedia":[{"embeddable":true,"href":"https:\/\/www.actualidadadiario.com\/index.php\/wp-json\/wp\/v2\/media\/41774"}],"wp:attachment":[{"href":"https:\/\/www.actualidadadiario.com\/index.php\/wp-json\/wp\/v2\/media?parent=41773"}],"wp:term":[{"taxonomy":"category","embeddable":true,"href":"https:\/\/www.actualidadadiario.com\/index.php\/wp-json\/wp\/v2\/categories?post=41773"},{"taxonomy":"post_tag","embeddable":true,"href":"https:\/\/www.actualidadadiario.com\/index.php\/wp-json\/wp\/v2\/tags?post=41773"}],"curies":[{"name":"wp","href":"https:\/\/api.w.org\/{rel}","templated":true}]}}