{"id":4177,"date":"2016-11-09T09:10:10","date_gmt":"2016-11-09T12:10:10","guid":{"rendered":"http:\/\/actualidadadiario.com\/site\/?p=4177"},"modified":"2016-11-09T09:10:10","modified_gmt":"2016-11-09T12:10:10","slug":"alarma-fuerte-desvalorizacion-de-ypf-por-us2-400-millones","status":"publish","type":"post","link":"https:\/\/www.actualidadadiario.com\/index.php\/2016\/11\/09\/alarma-fuerte-desvalorizacion-de-ypf-por-us2-400-millones\/","title":{"rendered":"Alarma fuerte desvalorizaci\u00f3n de YPF por u$s2.400 millones"},"content":{"rendered":"<p><em><strong>La petrolera incluy\u00f3 un abrupto deterioro de activos en el tercer trimestre. La medida contable se justifica en la baja del 6% en el valor local del petr\u00f3leo. Pero revelar\u00eda una interna pol\u00edtica por la aplicaci\u00f3n de otra suba de combustibles<\/strong><\/em><\/p>\n<p>&nbsp;<\/p>\n<p>&nbsp;<\/p>\n<p>&nbsp;<\/p>\n<p>&nbsp;<\/p>\n<p>YPF incluy\u00f3 en el balance del tercer trimestre, difundido ayer, una desvalorizaci\u00f3n de activos por $36.200 millones, alrededor de u$s2.400 millones, que equivale a una disminuci\u00f3n del 11,5%. Como consecuencia de esa decisi\u00f3n, el ejercicio arroj\u00f3 una p\u00e9rdida neta de $30.256 millones.<\/p>\n<p>&nbsp;<\/p>\n<p>La empresa justific\u00f3 el cargo negativo por deterioro de propiedades, planta y equipo, &#8220;por una reducci\u00f3n esperada del precio del petr\u00f3leo comercializado en el mercado interno juntamente con la evoluci\u00f3n del comportamiento estimado de los costos en funci\u00f3n de variables macroecon\u00f3micas y el comportamiento operativo de los activos&#8221;.<\/p>\n<p>&nbsp;<\/p>\n<p>As\u00ed, la conducci\u00f3n de YPF a cargo de Miguel Guti\u00e9rrez est\u00e1 diciendo que se vio obligada a reducir la valorizaci\u00f3n de los activos en una sola vez porque en agosto el Gobierno decidi\u00f3 una rebaja del 6% en el precio del petr\u00f3leo en el mercado interno, a aplicar en 3 cuotas mensuales, por la imposibilidad pol\u00edtica de aplicar aumentos en los combustibles y porque tiene la expectativa de que los valores locales se alinear\u00e1n con los internacionales en un plazo mucho m\u00e1s breve que los dos a\u00f1os calculados al asumir la administraci\u00f3n de Mauricio Macri. Por eso toma el barril de crudo a u$s59,9 con una ca\u00edda del 12,9% con relaci\u00f3n a igual trimestre del a\u00f1o anterior.<\/p>\n<p>&nbsp;<\/p>\n<p>Adem\u00e1s, al aplicar en un solo paso la desvalorizaci\u00f3n de los activos, la conducci\u00f3n de YPF puede buscar marcar diferencias con el Ministerio de Energ\u00eda, a cargo de Juan Jos\u00e9 Aranguren, y con la decisi\u00f3n pol\u00edtica de acelerar la aplicaci\u00f3n de los precios internacionales en el mercado local. Pero la medida contable tambi\u00e9n conspira contra el valor de YPF, que ayer, antes de conocerse el balance, ya ten\u00eda en el mercado de Nueva York una exigua capitalizaci\u00f3n burs\u00e1til: u$s6.530 millones. Adem\u00e1s, juega en forma adversa el efecto sorpresa, ya que seg\u00fan un sondeo de la agencia Reuters, los analistas esperaban una p\u00e9rdida de u$s248 millones.<\/p>\n<p>&nbsp;<\/p>\n<p>Las perspectivas son adem\u00e1s desalentadoras. Con precios locales en l\u00ednea con los internacionales y \u00e9stos alrededor de u$s50 por barril, la actividad petrolera en el pa\u00eds disminuir\u00e1 a mayor ritmo de lo que ya lo est\u00e1 haciendo este a\u00f1o y crecer\u00e1 a\u00fan m\u00e1s la importaci\u00f3n de combustibles, porque es m\u00e1s barato comprar en el exterior que producir en la Argentina.<\/p>\n<p>&nbsp;<\/p>\n<p>El valor de YPF tambi\u00e9n continuar\u00eda deterior\u00e1ndose: si se calcula un valor del crudo de u$s50 a principios de 2017, los activos de la petrolera todav\u00eda se deber\u00e1n desvalorizar alrededor de un 20% m\u00e1s, porque ahora totalizan $280.000 millones a un precio de u$s59,9 por barril.<\/p>\n<p>&nbsp;<\/p>\n<p>Curiosamente, adem\u00e1s, la combinaci\u00f3n de cotizaciones bajas para el petr\u00f3leo en el mercado internacional, la creciente p\u00e9rdida de la petrolera local , sus dificultades mayores para tomar financiamiento y la ca\u00edda de inversiones repetir\u00edan el escenario que deriv\u00f3 en la venta a Repsol en 1998.<\/p>\n","protected":false},"excerpt":{"rendered":"<p>La petrolera incluy\u00f3 un abrupto deterioro de activos en el tercer trimestre. La medida contable se justifica en la baja del 6% en el valor local del petr\u00f3leo. Pero revelar\u00eda una interna pol\u00edtica por la aplicaci\u00f3n de otra suba de combustibles &nbsp; &nbsp; &nbsp; &nbsp; YPF incluy\u00f3 en el balance del tercer trimestre, difundido ayer, una desvalorizaci\u00f3n de activos por $36.200 millones, alrededor de u$s2.400 millones, que equivale a una disminuci\u00f3n del 11,5%. Como consecuencia de esa decisi\u00f3n, el ejercicio arroj\u00f3 una p\u00e9rdida neta de $30.256 millones. &nbsp; La empresa&#8230;<\/p>\n","protected":false},"author":3,"featured_media":4178,"comment_status":"closed","ping_status":"closed","sticky":false,"template":"","format":"standard","meta":[],"categories":[2],"tags":[],"_links":{"self":[{"href":"https:\/\/www.actualidadadiario.com\/index.php\/wp-json\/wp\/v2\/posts\/4177"}],"collection":[{"href":"https:\/\/www.actualidadadiario.com\/index.php\/wp-json\/wp\/v2\/posts"}],"about":[{"href":"https:\/\/www.actualidadadiario.com\/index.php\/wp-json\/wp\/v2\/types\/post"}],"author":[{"embeddable":true,"href":"https:\/\/www.actualidadadiario.com\/index.php\/wp-json\/wp\/v2\/users\/3"}],"replies":[{"embeddable":true,"href":"https:\/\/www.actualidadadiario.com\/index.php\/wp-json\/wp\/v2\/comments?post=4177"}],"version-history":[{"count":1,"href":"https:\/\/www.actualidadadiario.com\/index.php\/wp-json\/wp\/v2\/posts\/4177\/revisions"}],"predecessor-version":[{"id":4179,"href":"https:\/\/www.actualidadadiario.com\/index.php\/wp-json\/wp\/v2\/posts\/4177\/revisions\/4179"}],"wp:featuredmedia":[{"embeddable":true,"href":"https:\/\/www.actualidadadiario.com\/index.php\/wp-json\/wp\/v2\/media\/4178"}],"wp:attachment":[{"href":"https:\/\/www.actualidadadiario.com\/index.php\/wp-json\/wp\/v2\/media?parent=4177"}],"wp:term":[{"taxonomy":"category","embeddable":true,"href":"https:\/\/www.actualidadadiario.com\/index.php\/wp-json\/wp\/v2\/categories?post=4177"},{"taxonomy":"post_tag","embeddable":true,"href":"https:\/\/www.actualidadadiario.com\/index.php\/wp-json\/wp\/v2\/tags?post=4177"}],"curies":[{"name":"wp","href":"https:\/\/api.w.org\/{rel}","templated":true}]}}