{"id":41766,"date":"2019-03-13T10:19:24","date_gmt":"2019-03-13T13:19:24","guid":{"rendered":"https:\/\/www.actualidadadiario.com\/?p=41766"},"modified":"2019-05-06T20:56:06","modified_gmt":"2019-05-06T23:56:06","slug":"condena-para-nueve-represores-en-cordoba","status":"publish","type":"post","link":"https:\/\/www.actualidadadiario.com\/index.php\/2019\/03\/13\/condena-para-nueve-represores-en-cordoba\/","title":{"rendered":"Condena para nueve represores en C\u00f3rdoba"},"content":{"rendered":"\n<p><strong><em>En la llamada \u201cCausa Montiveros\u201d, polic\u00edas y militares recibieron penas de entre dos a\u00f1os de detenci\u00f3n y prisi\u00f3n perpetua por secuestros, torturas, asesinatos y desapariciones<\/em><\/strong><\/p>\n\n\n\n<p><\/p>\n\n\n\n<p><\/p>\n\n\n\n<p>M\u00e1s de la mitad de los represores que hasta ayer fueron\njuzgados por haber cometido secuestros, torturas y asesinatos durante la \u00faltima\ndictadura c\u00edvico militar en C\u00f3rdoba, en el marco de la llamada \u201cCausa\nMontiveros\u201d, resultaron condenados en el d\u00e9cimo primer debate oral por delitos\nde lesa humanidad que se lleva a cabo en esa provincia. El Tribunal Oral\nFederal 1 impuso penas de entre dos a\u00f1os y prisi\u00f3n perpetua a los involucrados\nen los delitos cometidos en el centro clandestino de detenci\u00f3n que funcion\u00f3 en\nel D2 y en el Comando Radioel\u00e9ctrico de la polic\u00eda mediterr\u00e1nea.<\/p>\n\n\n\n<p>El debate comenz\u00f3 el 6 de noviembre pasado, con m\u00e1s de\nveinte represores \u2013casi todos polic\u00edas e integrantes del Ej\u00e9rcito\u2013 acusados de\ncr\u00edmenes de lesa humanidad contra 16 v\u00edctimas, perpetrados entre marzo y junio\nde 1976. Cinco de los imputados quedaron fuera del debate por cuestiones de\nsalud. <\/p>\n\n\n\n<p>Pasado el mediod\u00eda de ayer, los jueces del TOF 1 Jaime D\u00edaz\nGavier, Juli\u00e1n Falcucci y Fabi\u00e1n Asis condenaron a nueve de los diecisiete\nacusados que llegaron al final del debate. <\/p>\n\n\n\n<p>Los polic\u00edas Fernando Rocha, Pedro Nolasco Bustos, Jos\u00e9\nAcevedo, Antonio Astrada y Ricardo Perr\u00edn, responsables de los patrulleros y\notros veh\u00edculos que participaron de los cinco casos de homicidio analizados\ndurante el debate, fueron condenados a prisi\u00f3n perpetua, en consonancia con lo\nsolicitado por la Fiscal\u00eda.<\/p>\n\n\n\n<p>La sentencia impuesta por el tribunal para Miguel \u00c1ngel\nG\u00f3mez, a quien pen\u00f3 con nueve a\u00f1os de c\u00e1rcel, tambi\u00e9n fue coincidente con lo\nsolicitado por el fiscal Maximiliano Hairabedi\u00e1n. En tanto, los polic\u00edas Jos\u00e9\nAntonio Cuello y Roque C\u00e1mara fueron condenados a cuatro a\u00f1os de c\u00e1rcel \u2013uno\nm\u00e1s que lo que hab\u00eda exigido el Ministerio P\u00fablico\u2013 y Miguel \u00c1ngel Bustamante\nfue condenado a dos a\u00f1os de prisi\u00f3n con cumplimiento condicional.<\/p>\n\n\n\n<p>El resto de los acusados, ocho en total, resultaron\nabsueltos. Tanto los que recibieron penas menores como los absueltos hab\u00edan\nsido involucrados durante la instrucci\u00f3n en secuestros y torturas cometidos en\nel D2. <\/p>\n\n\n\n<p>Conocido como \u201cCausa Montiveros\u201d, el expediente analizado en\njuicio durante los \u00faltimos tres meses abarca violaciones a los derechos humanos\ncometidas en perjuicio de diecis\u00e9is v\u00edctimas durante la \u00faltima dictadura en la\nprovincia de C\u00f3rdoba.<\/p>\n\n\n\n<p>Un primer grupo de hechos concentra privaciones ileg\u00edtimas\nde la libertad y tormentos agravados que sufrieron once personas en el centro\nclandestino D2. En uno de los casos, la v\u00edctima fue asesinada luego de haber\nquedado en un estado deplorable y permanece desaparecida.<\/p>\n\n\n\n<p>Por otro lado, el expediente investig\u00f3 y elev\u00f3 a juicio el\nasesinato de cinco militantes que les fueron atribuidos al Comando\nRadioel\u00e9ctrico de la polic\u00eda cordobesa. Uno de los asesinados, Jos\u00e9 Osatinsky,\nten\u00eda 15 a\u00f1os al momento de los hechos. Se trata de la v\u00edctima m\u00e1s joven de los\ncr\u00edmenes de estas caracter\u00edsticas en C\u00f3rdoba.<\/p>\n","protected":false},"excerpt":{"rendered":"<p>En la llamada \u201cCausa Montiveros\u201d, polic\u00edas y militares recibieron penas de entre dos a\u00f1os de detenci\u00f3n y prisi\u00f3n perpetua por secuestros, torturas, asesinatos y desapariciones M\u00e1s de la mitad de los represores que hasta ayer fueron juzgados por haber cometido secuestros, torturas y asesinatos durante la \u00faltima dictadura c\u00edvico militar en C\u00f3rdoba, en el marco de la llamada \u201cCausa Montiveros\u201d, resultaron condenados en el d\u00e9cimo primer debate oral por delitos de lesa humanidad que se lleva a cabo en esa provincia. El Tribunal Oral Federal 1 impuso penas de entre&#8230;<\/p>\n","protected":false},"author":3,"featured_media":41767,"comment_status":"closed","ping_status":"closed","sticky":false,"template":"","format":"standard","meta":[],"categories":[4],"tags":[],"_links":{"self":[{"href":"https:\/\/www.actualidadadiario.com\/index.php\/wp-json\/wp\/v2\/posts\/41766"}],"collection":[{"href":"https:\/\/www.actualidadadiario.com\/index.php\/wp-json\/wp\/v2\/posts"}],"about":[{"href":"https:\/\/www.actualidadadiario.com\/index.php\/wp-json\/wp\/v2\/types\/post"}],"author":[{"embeddable":true,"href":"https:\/\/www.actualidadadiario.com\/index.php\/wp-json\/wp\/v2\/users\/3"}],"replies":[{"embeddable":true,"href":"https:\/\/www.actualidadadiario.com\/index.php\/wp-json\/wp\/v2\/comments?post=41766"}],"version-history":[{"count":1,"href":"https:\/\/www.actualidadadiario.com\/index.php\/wp-json\/wp\/v2\/posts\/41766\/revisions"}],"predecessor-version":[{"id":41768,"href":"https:\/\/www.actualidadadiario.com\/index.php\/wp-json\/wp\/v2\/posts\/41766\/revisions\/41768"}],"wp:featuredmedia":[{"embeddable":true,"href":"https:\/\/www.actualidadadiario.com\/index.php\/wp-json\/wp\/v2\/media\/41767"}],"wp:attachment":[{"href":"https:\/\/www.actualidadadiario.com\/index.php\/wp-json\/wp\/v2\/media?parent=41766"}],"wp:term":[{"taxonomy":"category","embeddable":true,"href":"https:\/\/www.actualidadadiario.com\/index.php\/wp-json\/wp\/v2\/categories?post=41766"},{"taxonomy":"post_tag","embeddable":true,"href":"https:\/\/www.actualidadadiario.com\/index.php\/wp-json\/wp\/v2\/tags?post=41766"}],"curies":[{"name":"wp","href":"https:\/\/api.w.org\/{rel}","templated":true}]}}