{"id":41757,"date":"2019-03-13T10:17:07","date_gmt":"2019-03-13T13:17:07","guid":{"rendered":"https:\/\/www.actualidadadiario.com\/?p=41757"},"modified":"2019-05-06T20:53:17","modified_gmt":"2019-05-06T23:53:17","slug":"la-condena-para-el-cardenal-pell-por-los-abusos-de-menores","status":"publish","type":"post","link":"https:\/\/www.actualidadadiario.com\/index.php\/2019\/03\/13\/la-condena-para-el-cardenal-pell-por-los-abusos-de-menores\/","title":{"rendered":"La condena para el cardenal Pell por los abusos de menores"},"content":{"rendered":"\n<p><strong><em>Ha sido declarado culpable de cinco delitos de abusos sexuales cometidos sobre dos menores en los a\u00f1os 90<\/em><\/strong><\/p>\n\n\n\n<p><\/p>\n\n\n\n<p>Un sismo sacude la Iglesia Cat\u00f3lica. El cardenal australiano\nGeorge Pell, que lleg\u00f3 a ser n\u00famero 3 del Vaticano y persona de confianza del\npapa Francisco, ha sido condenado en Australia a seis a\u00f1os de prisi\u00f3n por\npederastia.<\/p>\n\n\n\n<p>Pell ha sido declarado culpable de cinco delitos de abusos\nsexuales cometidos sobre dos menores en los a\u00f1os 90 en Melbourne, cuando el\nprelado, que en la actualidad tiene 77 a\u00f1os, era arzobispo de esta ciudad.<\/p>\n\n\n\n<p>Pell llevaba ya detenido desde el 27 de febrero, un d\u00eda\ndespu\u00e9s de hacerse p\u00fablico el veredicto del jurado que, de manera un\u00e1nime, le\ndeclar\u00f3 culpable de abusar de dos ni\u00f1os de 13 a\u00f1os del coro de la catedral de\nSt Patricks.<\/p>\n\n\n\n<p>El cardenal australiano se convierte con esta sentencia en\nel mayor dignatario de la Iglesia Cat\u00f3lica encarcelado por pederastia. La\nsentencia se\u00f1ala que el cardenal, que ha apelado la condena, tendr\u00e1 que pasar\ncomo m\u00ednimo tres a\u00f1os y medio en la c\u00e1rcel.<\/p>\n\n\n\n<p>Las sospechas persegu\u00edan a Pell desde hace mucho tiempo. Ya\nen 2002, un hombre asegur\u00f3 haber sido abusado sexualmente por el prelado siendo\nni\u00f1o. Tambi\u00e9n se le acus\u00f3 de abusos en la d\u00e9cada de los 70 en su localidad\nnatal de Ballarat, donde ejerci\u00f3 como sacerdote y educador en distintas parroquias\ny centros cat\u00f3licos.<\/p>\n\n\n\n<p>Eso no impidi\u00f3 su ascenso fulgurante hasta convertirse en\nuna de las figuras m\u00e1s importantes de la curia romana. De hecho, fue uno de los\ncardenales papables en 2013, cuando fue elegido Francisco.<\/p>\n\n\n\n<p>Tras ser declarado culpable el pasado 26 de febrero, el\nVaticano anunci\u00f3 que dejaba de ocupar el cargo de prefecto de Econom\u00eda,\nconsiderado el tercero en importancia de la Santa Sede, y se le prohibi\u00f3 el\nejercicio p\u00fablico del ministerio sacerdotal.<\/p>\n","protected":false},"excerpt":{"rendered":"<p>Ha sido declarado culpable de cinco delitos de abusos sexuales cometidos sobre dos menores en los a\u00f1os 90 Un sismo sacude la Iglesia Cat\u00f3lica. El cardenal australiano George Pell, que lleg\u00f3 a ser n\u00famero 3 del Vaticano y persona de confianza del papa Francisco, ha sido condenado en Australia a seis a\u00f1os de prisi\u00f3n por pederastia. Pell ha sido declarado culpable de cinco delitos de abusos sexuales cometidos sobre dos menores en los a\u00f1os 90 en Melbourne, cuando el prelado, que en la actualidad tiene 77 a\u00f1os, era arzobispo de&#8230;<\/p>\n","protected":false},"author":3,"featured_media":41758,"comment_status":"closed","ping_status":"closed","sticky":false,"template":"","format":"standard","meta":[],"categories":[4],"tags":[],"_links":{"self":[{"href":"https:\/\/www.actualidadadiario.com\/index.php\/wp-json\/wp\/v2\/posts\/41757"}],"collection":[{"href":"https:\/\/www.actualidadadiario.com\/index.php\/wp-json\/wp\/v2\/posts"}],"about":[{"href":"https:\/\/www.actualidadadiario.com\/index.php\/wp-json\/wp\/v2\/types\/post"}],"author":[{"embeddable":true,"href":"https:\/\/www.actualidadadiario.com\/index.php\/wp-json\/wp\/v2\/users\/3"}],"replies":[{"embeddable":true,"href":"https:\/\/www.actualidadadiario.com\/index.php\/wp-json\/wp\/v2\/comments?post=41757"}],"version-history":[{"count":1,"href":"https:\/\/www.actualidadadiario.com\/index.php\/wp-json\/wp\/v2\/posts\/41757\/revisions"}],"predecessor-version":[{"id":41759,"href":"https:\/\/www.actualidadadiario.com\/index.php\/wp-json\/wp\/v2\/posts\/41757\/revisions\/41759"}],"wp:featuredmedia":[{"embeddable":true,"href":"https:\/\/www.actualidadadiario.com\/index.php\/wp-json\/wp\/v2\/media\/41758"}],"wp:attachment":[{"href":"https:\/\/www.actualidadadiario.com\/index.php\/wp-json\/wp\/v2\/media?parent=41757"}],"wp:term":[{"taxonomy":"category","embeddable":true,"href":"https:\/\/www.actualidadadiario.com\/index.php\/wp-json\/wp\/v2\/categories?post=41757"},{"taxonomy":"post_tag","embeddable":true,"href":"https:\/\/www.actualidadadiario.com\/index.php\/wp-json\/wp\/v2\/tags?post=41757"}],"curies":[{"name":"wp","href":"https:\/\/api.w.org\/{rel}","templated":true}]}}