{"id":41751,"date":"2019-03-13T10:15:35","date_gmt":"2019-03-13T13:15:35","guid":{"rendered":"https:\/\/www.actualidadadiario.com\/?p=41751"},"modified":"2019-05-06T20:54:27","modified_gmt":"2019-05-06T23:54:27","slug":"el-triste-e-indignante-record-de-ninos-muertos-por-la-guerra-en-siria","status":"publish","type":"post","link":"https:\/\/www.actualidadadiario.com\/index.php\/2019\/03\/13\/el-triste-e-indignante-record-de-ninos-muertos-por-la-guerra-en-siria\/","title":{"rendered":"El triste e indignante r\u00e9cord de ni\u00f1os muertos por la guerra en Siria"},"content":{"rendered":"\n<p><strong><em>Un conflicto b\u00e9lico que ya se encuentra en su noveno a\u00f1o consecutivo<\/em><\/strong><\/p>\n\n\n\n<p><\/p>\n\n\n\n<p><\/p>\n\n\n\n<p>&#8220;Solo en 2018, en Siria 1106 ni\u00f1os fueron muertos en\nlos combates, el n\u00famero m\u00e1s alto en un solo a\u00f1o desde el comienzo de la\nguerra&#8221;, en 2011, inform\u00f3 la directora general de Unicef, Henrietta Fore.<\/p>\n\n\n\n<p>&#8220;Estos son solo los n\u00fameros que la ONU pudo verificar,\npero las cifras reales son probablemente mucho m\u00e1s altas&#8221;, agreg\u00f3.<\/p>\n\n\n\n<p>Las minas representan la principal causa de muerte. El a\u00f1o\npasado los muertos debido a estos dispositivos fueron 434. Durante 2018 hubo\ntambi\u00e9n 262 ataques contra las estructuras escolares y sanitarias,\n&#8220;tambi\u00e9n estos -observ\u00f3 Unicef- en niveles r\u00e9cord&#8221;.<\/p>\n\n\n\n<p>La agencia de la ONU manifest\u00f3 &#8220;particular\npreocupaci\u00f3n&#8221; por la situaci\u00f3n en el pa\u00eds. &#8220;Hoy -dijo Fore- hay un\nalarmante equ\u00edvoco de que el conflicto en Siria est\u00e1 por terminar r\u00e1pidamente:\nno es as\u00ed. Los ni\u00f1os en algunas partes del pa\u00eds siguen en peligro&#8221;.<\/p>\n\n\n\n<p>Particularmente grave es &#8220;la situaci\u00f3n de Siria\nnoroccidental de Idlib, donde una intensificaci\u00f3n de la violencia mat\u00f3 a 59\nni\u00f1os solo en las \u00faltimas semanas&#8221;. &#8220;Los ni\u00f1os y las familias en las\ntierras de nadie siguen viviendo en el limbo&#8221; y &#8220;el destino de los\nni\u00f1os de los &#8216;foreign fighters&#8217; sigue siendo poco claro&#8221;, explic\u00f3 Unicef,\nque exhort\u00f3 a los Estados miembro a &#8220;asumir la responsabilidad por los\nni\u00f1os que son ciudadanos suyos o nacidos de sus ciudadanos, adoptando medidas\npara evitar que los ni\u00f1os se vuelvan ap\u00e1tridas&#8221;.<\/p>\n\n\n\n<p>Tambi\u00e9n es grave la situaci\u00f3n de los refugiados en los\npa\u00edses lindantes con el escenario de la guerra: 2,6 millones de ni\u00f1os que,\n&#8220;pese al apoyo de los gobiernos anfitriones, de la ONU y de la comunidad\ninternacional, deben afrontar sus propios desaf\u00edos&#8221;, aceptando tambi\u00e9n\ntrabajo infantil y matrimonios precoces, entre pobreza y ausencia de educaci\u00f3n.<\/p>\n","protected":false},"excerpt":{"rendered":"<p>Un conflicto b\u00e9lico que ya se encuentra en su noveno a\u00f1o consecutivo &#8220;Solo en 2018, en Siria 1106 ni\u00f1os fueron muertos en los combates, el n\u00famero m\u00e1s alto en un solo a\u00f1o desde el comienzo de la guerra&#8221;, en 2011, inform\u00f3 la directora general de Unicef, Henrietta Fore. &#8220;Estos son solo los n\u00fameros que la ONU pudo verificar, pero las cifras reales son probablemente mucho m\u00e1s altas&#8221;, agreg\u00f3. Las minas representan la principal causa de muerte. El a\u00f1o pasado los muertos debido a estos dispositivos fueron 434. Durante 2018 hubo&#8230;<\/p>\n","protected":false},"author":3,"featured_media":41752,"comment_status":"closed","ping_status":"closed","sticky":false,"template":"","format":"standard","meta":[],"categories":[4],"tags":[],"_links":{"self":[{"href":"https:\/\/www.actualidadadiario.com\/index.php\/wp-json\/wp\/v2\/posts\/41751"}],"collection":[{"href":"https:\/\/www.actualidadadiario.com\/index.php\/wp-json\/wp\/v2\/posts"}],"about":[{"href":"https:\/\/www.actualidadadiario.com\/index.php\/wp-json\/wp\/v2\/types\/post"}],"author":[{"embeddable":true,"href":"https:\/\/www.actualidadadiario.com\/index.php\/wp-json\/wp\/v2\/users\/3"}],"replies":[{"embeddable":true,"href":"https:\/\/www.actualidadadiario.com\/index.php\/wp-json\/wp\/v2\/comments?post=41751"}],"version-history":[{"count":1,"href":"https:\/\/www.actualidadadiario.com\/index.php\/wp-json\/wp\/v2\/posts\/41751\/revisions"}],"predecessor-version":[{"id":41753,"href":"https:\/\/www.actualidadadiario.com\/index.php\/wp-json\/wp\/v2\/posts\/41751\/revisions\/41753"}],"wp:featuredmedia":[{"embeddable":true,"href":"https:\/\/www.actualidadadiario.com\/index.php\/wp-json\/wp\/v2\/media\/41752"}],"wp:attachment":[{"href":"https:\/\/www.actualidadadiario.com\/index.php\/wp-json\/wp\/v2\/media?parent=41751"}],"wp:term":[{"taxonomy":"category","embeddable":true,"href":"https:\/\/www.actualidadadiario.com\/index.php\/wp-json\/wp\/v2\/categories?post=41751"},{"taxonomy":"post_tag","embeddable":true,"href":"https:\/\/www.actualidadadiario.com\/index.php\/wp-json\/wp\/v2\/tags?post=41751"}],"curies":[{"name":"wp","href":"https:\/\/api.w.org\/{rel}","templated":true}]}}