{"id":41747,"date":"2019-03-13T10:08:34","date_gmt":"2019-03-13T13:08:34","guid":{"rendered":"https:\/\/www.actualidadadiario.com\/?p=41747"},"modified":"2019-05-06T20:53:16","modified_gmt":"2019-05-06T23:53:16","slug":"la-corte-fallara-sobre-ganancias-en-jubilaciones-y-el-impacto-recaera-en-el-proximo-gobierno","status":"publish","type":"post","link":"https:\/\/www.actualidadadiario.com\/index.php\/2019\/03\/13\/la-corte-fallara-sobre-ganancias-en-jubilaciones-y-el-impacto-recaera-en-el-proximo-gobierno\/","title":{"rendered":"La Corte fallar\u00e1 sobre Ganancias en jubilaciones y el impacto recaer\u00e1 en el pr\u00f3ximo Gobierno"},"content":{"rendered":"\n<p><strong><em>S\u00f3lo el 1% del total est\u00e1 en juicio. Estiman que unos 300.000 son alcanzados por el tributo<\/em><\/strong><\/p>\n\n\n\n<p><\/p>\n\n\n\n<p><\/p>\n\n\n\n<p>La Corte Suprema fij\u00f3 para el 26 de marzo la fecha en que\nemitir\u00e1 el fallo respecto al planteo de inconstitucionalidad por el pago de\nGanancias en jubilaciones, a partir del caso &#8220;Garc\u00eda&#8221;, aunque evit\u00f3\npronunciarse en relaci\u00f3n a la reforma previsional, que tambi\u00e9n espera una\ndefinici\u00f3n sobre su validez por parte del m\u00e1ximo tribunal.<\/p>\n\n\n\n<p>Como el universo de los haberes que est\u00e1n alcanzados por el\ngravamen es acotado, un fallo en contra del Gobierno tendr\u00eda un impacto\nlimitado sobre las cuentas fiscales y se sentir\u00eda reci\u00e9n a partir del 2020, ya\nque para el 2019 ya est\u00e1n establecidas las partidas destinadas a saldar las\ndemandas con sentencia firme en la justicia. Es decir quien tendr\u00e1 que hacerse\ncargo de un eventual fallo que valide el reclamo ser\u00e1 el ganador de las\nelecciones presidenciales de este a\u00f1o.<\/p>\n\n\n\n<p>Actualmente se estima que el 5% de los jubilados paga el\nimpuesto a las Ganancias, lo que equivaldr\u00eda a unos 300.000 beneficiarios del\nsistema previsional. De ellos, s\u00f3lo unos 60.000 tendr\u00edan iniciado el juicio, es\ndecir el 1% del total.<\/p>\n\n\n\n<p>Sin embargo, el abogado previsionalista Facundo Fern\u00e1ndez\nPastor advirti\u00f3 que &#8220;con Macri llegaron a pagar 450 mil&#8221; y elev\u00f3 la\ncifra a 500.000 cuando se comenz\u00f3 a computar la pensi\u00f3n en conjunto con la\njubilaci\u00f3n para establecer el cobro del tributo, al ampliarse el n\u00famero de\ncontribuyentes.<\/p>\n\n\n\n<p>Los haberes comienzan a gravarse con este impuesto a partir\nde una suma equivalente a seis veces el m\u00ednimo. En enero y febrero esa cifra se\nubic\u00f3 en $55.854 pero como en marzo el piso pas\u00f3 a $10.400, pasaron a tributar las\njubilaciones superiores a $62.400.<\/p>\n\n\n\n<p>Desde el ministerio de Hacienda aclararon a este medio que\nno ten\u00edan estimaciones respecto al impacto fiscal que pueda tener un fallo en\ncontra, en tanto voceros de la AFIP dijeron que no hab\u00eda informaci\u00f3n disponible\nsobre el n\u00famero exacto de haberes alcanzados y por qu\u00e9 monto.<\/p>\n\n\n\n<p>En ese sentido, el \u00faltimo informe que envi\u00f3 el jefe de\nGabinete Marcos Pe\u00f1a al Congreso mostr\u00f3 que hasta octubre pasado s\u00f3lo 635.071\njubilados tuvieron un haber superior a 2,5 veces la m\u00ednima, es decir el 12% del\ntotal.<\/p>\n\n\n\n<p>Mientras tanto, la Corte sigue sin dar una fecha precisa\nrespecto a cu\u00e1ndo tratar\u00e1 la demanda que ped\u00eda abolir la reforma previsional.\nEn el cronograma para el primer semestre publicado a fines de febrero, el\nm\u00e1ximo tribunal s\u00f3lo estableci\u00f3 los plazos para el pago de Ganancias y la\nvalidez del defensor del Pueblo para un amparo colectivo que permita ampliar\nlos alcances del fallo &#8220;Badaro&#8221;, el cual est\u00e1 en t\u00e9rminos pr\u00e1cticos\nvigente para la gran mayor\u00eda de los jubilados.<\/p>\n\n\n\n<p>Tampoco puntualiz\u00f3 cu\u00e1ndo fallar\u00e1 en la causa que inici\u00f3\nSanta Fe contra la Naci\u00f3n por fondos de coparticipaci\u00f3n retenidos durante a\u00f1os\npara financiar a la Anses, el cual tendr\u00eda un impacto fiscal de $60.000\nmillones y s\u00ed podr\u00eda poner en jaque la meta fiscal de este a\u00f1o.<\/p>\n","protected":false},"excerpt":{"rendered":"<p>S\u00f3lo el 1% del total est\u00e1 en juicio. Estiman que unos 300.000 son alcanzados por el tributo La Corte Suprema fij\u00f3 para el 26 de marzo la fecha en que emitir\u00e1 el fallo respecto al planteo de inconstitucionalidad por el pago de Ganancias en jubilaciones, a partir del caso &#8220;Garc\u00eda&#8221;, aunque evit\u00f3 pronunciarse en relaci\u00f3n a la reforma previsional, que tambi\u00e9n espera una definici\u00f3n sobre su validez por parte del m\u00e1ximo tribunal. Como el universo de los haberes que est\u00e1n alcanzados por el gravamen es acotado, un fallo en contra&#8230;<\/p>\n","protected":false},"author":3,"featured_media":40785,"comment_status":"closed","ping_status":"closed","sticky":false,"template":"","format":"standard","meta":[],"categories":[9],"tags":[],"_links":{"self":[{"href":"https:\/\/www.actualidadadiario.com\/index.php\/wp-json\/wp\/v2\/posts\/41747"}],"collection":[{"href":"https:\/\/www.actualidadadiario.com\/index.php\/wp-json\/wp\/v2\/posts"}],"about":[{"href":"https:\/\/www.actualidadadiario.com\/index.php\/wp-json\/wp\/v2\/types\/post"}],"author":[{"embeddable":true,"href":"https:\/\/www.actualidadadiario.com\/index.php\/wp-json\/wp\/v2\/users\/3"}],"replies":[{"embeddable":true,"href":"https:\/\/www.actualidadadiario.com\/index.php\/wp-json\/wp\/v2\/comments?post=41747"}],"version-history":[{"count":1,"href":"https:\/\/www.actualidadadiario.com\/index.php\/wp-json\/wp\/v2\/posts\/41747\/revisions"}],"predecessor-version":[{"id":41748,"href":"https:\/\/www.actualidadadiario.com\/index.php\/wp-json\/wp\/v2\/posts\/41747\/revisions\/41748"}],"wp:featuredmedia":[{"embeddable":true,"href":"https:\/\/www.actualidadadiario.com\/index.php\/wp-json\/wp\/v2\/media\/40785"}],"wp:attachment":[{"href":"https:\/\/www.actualidadadiario.com\/index.php\/wp-json\/wp\/v2\/media?parent=41747"}],"wp:term":[{"taxonomy":"category","embeddable":true,"href":"https:\/\/www.actualidadadiario.com\/index.php\/wp-json\/wp\/v2\/categories?post=41747"},{"taxonomy":"post_tag","embeddable":true,"href":"https:\/\/www.actualidadadiario.com\/index.php\/wp-json\/wp\/v2\/tags?post=41747"}],"curies":[{"name":"wp","href":"https:\/\/api.w.org\/{rel}","templated":true}]}}