{"id":41744,"date":"2019-03-13T10:07:44","date_gmt":"2019-03-13T13:07:44","guid":{"rendered":"https:\/\/www.actualidadadiario.com\/?p=41744"},"modified":"2019-05-06T20:51:19","modified_gmt":"2019-05-06T23:51:19","slug":"patricia-bullrich-la-vicepresidencia-me-parece-poco-interesante","status":"publish","type":"post","link":"https:\/\/www.actualidadadiario.com\/index.php\/2019\/03\/13\/patricia-bullrich-la-vicepresidencia-me-parece-poco-interesante\/","title":{"rendered":"Patricia Bullrich: &#8220;La vicepresidencia me parece poco interesante&#8221;"},"content":{"rendered":"\n<p><strong><em>La ministra dijo que no es una posici\u00f3n que le resulte atractiva, pero que si le fuera ofrecida, la aceptar\u00eda: &#8220;Tenemos que dejar de lado cualquier gusto personal&#8221;<\/em><\/strong><\/p>\n\n\n\n<p><\/p>\n\n\n\n<p><\/p>\n\n\n\n<p>Tanto el nombre de la ministra de Seguridad Patricia\nBullrich como el de su par de Desarrollo Social Carolina Stanley suelen\naparecer a la hora de especular acerca de quien acompa\u00f1ar\u00eda a Mauricio Macri en\nla boleta de las elecciones presidenciales de este a\u00f1o.<\/p>\n\n\n\n<p>Consultada este martes acerca de la posibilidad, la\nfuncionaria indic\u00f3 nuevamente que no hay definiciones al respecto, pero que no\nes una posici\u00f3n que le resulte atractiva: &#8220;En cualquier lugar donde me ha\ntocado estar he sido muy impulsiva, din\u00e1mica. Siento que los lugares donde el\ntrabajo de acci\u00f3n es poco, es poco interesante&#8221;, dijo la ministra en di\u00e1logo\ncon Luis Novaresio en A24.<\/p>\n\n\n\n<p>No obstante, y a pesar de aclarar que no cree que suceda,\ndijo qu\u00e9 ocurrir\u00eda si el Presidente le llegara a hacer el ofrecimiento:\n&#8220;Hoy tenemos que dejar de lado cualquier gusto personal y decir &#8216;donde me\nnecesiten, voy'&#8221;.<\/p>\n\n\n\n<p>Adem\u00e1s, Bullrich dej\u00f3 definiciones respecto de los distintos\ntemas de coyuntura relativos a su cartera. El rol de las ideas de Ra\u00fal Eugenio\nZaffaroni en la pol\u00edticas penales, las respuestas hacia los cr\u00edmenes cometidos\npor motochorros y el accionar de las fuerzas ante los futuros cortes de calle\nson algunos de ellos.<\/p>\n\n\n\n<p>La ministra asegur\u00f3 que &#8220;el zaffaronismo&#8221; inculc\u00f3\nen la sociedad argentina un sistema penal que &#8220;daba vuelta alrededor del\ndelincuente, y no de la v\u00edctima&#8221;. &#8220;Eso nos dej\u00f3. Que puedo violar la\nley, matar a alguien violarlo o salir a los tiros y no voy a enfrentar\nconsecuencias&#8221;, dijo Bullrich.<\/p>\n\n\n\n<p>El catalizador de la declaraci\u00f3n fue el video donde un grupo\nde hombres y j\u00f3venes dispar\u00f3 cientos de balas al aire mientras velaban los\nrestos de un adolescente que muri\u00f3 en un intento de robo al m\u00e9dico Ernesto\nCrescenti.<\/p>\n\n\n\n<p>Respecto de las im\u00e1genes, Bullrich asegur\u00f3 que se tratar\u00e1 de\nidentificar a las personas que las protagonizan y que &#8220;va a haber\nconsecuencias&#8221;. &#8220;Eso muestra una idea de impunidad, de que no les va\na pasar nada. Como Estado tenemos que dar respuesta de que si te va a pasar\nalgo. No es que pod\u00e9s salir a los balazos por un barrio&#8221;, agreg\u00f3.<\/p>\n\n\n\n<p>La ministra destac\u00f3 que su intenci\u00f3n de ir detr\u00e1s de estas\npersonas se enmarca dentro de &#8220;un cambio cultural muy importante que\nhacemos en seguridad&#8221;, el cual responde a una demanda de la sociedad.<\/p>\n\n\n\n<p>&#8220;Nuestra gesti\u00f3n en Seguridad gener\u00f3 sacudones, creo\nque ten\u00edamos que sacudir. Si continu\u00e1bamos con las pol\u00edticas anteriores, la\ngente nos lo hubiera cobrado. Nosotros cambiamos paradigmas muy fuertes&#8221;,\nindic\u00f3.<\/p>\n\n\n\n<p>No obstante, explic\u00f3 que para continuar por ese camino\n&#8220;hay temas que hay que cambiar&#8221;, y se refiri\u00f3 en particular a los\ncr\u00edmenes cometidos por motochorros, luego de criticar la decisi\u00f3n de un juez de\nliberar a un delincuente menos de 24 horas despu\u00e9s de asaltar a dos turistas\ngriegos.<\/p>\n\n\n\n<p>&#8220;Para no quejarnos de un juez tenemos que cambiar las\ncondiciones del C\u00f3digo Procesal Penal respecto de las detenciones&#8221;,\nconsider\u00f3 Bullrich.<\/p>\n\n\n\n<p>A su vez, pidi\u00f3 defender m\u00e1s a la polic\u00eda. Argument\u00f3 que en\ncontraste con el resto de las acciones del Estado, que se presumen leg\u00edtimos,\n&#8220;se cree que los actos de la polic\u00eda son ileg\u00edtimos hasta que se demuestre\nlo contrario&#8221;.<\/p>\n\n\n\n<p>Y a\u00f1adi\u00f3 que el caso del polic\u00eda Chocobar pone de manifiesto\nque este tema es &#8220;esquizofr\u00e9nico&#8221;, porque &#8220;en Argentina la gente\npaga por la polic\u00eda, se invierte dinero, se le da un arma, se la instruye y\ndespu\u00e9s se la manda presa&#8221;. <\/p>\n\n\n\n<p>En otro pasaje de la entrevista, Bullrich se refiri\u00f3 a las\npr\u00f3ximas marchas y acampes programados por organizaciones sociales, y los\nvincul\u00f3 con motivaciones pol\u00edticas ulteriores: &#8220;Es importante que gente\nsepa que vuelve la campa\u00f1a y vuelven los cortes. Entre el 1 de enero 15 de\nfebrero los cortes se tomaron vacaciones. Eso implica que no hay una situaci\u00f3n\ndonde la gente sale porque realmente lo necesita, sino que hay planificaci\u00f3n objetiva\nde las organizaciones&#8221;.<\/p>\n\n\n\n<p>Y continu\u00f3: &#8220;Por m\u00ed que se tomen todas las vacaciones\nque quieran. Lo que no me parece es que los cortes se tomen vacaciones porque\nsignifica que hay una construcci\u00f3n del corte como un afiche de campa\u00f1a&#8221;.<\/p>\n\n\n\n<p>En esa l\u00ednea, critic\u00f3 al l\u00edder de la CTEP, Juan Grabois,\npor, a su criterio, utilizar la organizaci\u00f3n para promover su carrera pol\u00edtica.\n&#8220;No creo que sea un dirigente social, sino pol\u00edtico. Durante mucho tiempo\ndijo que era aut\u00f3nomo y hoy es uno de los principales apoyos de la candidatura\nde Cristina Kirchner. No me parece mal, digo que objetivamente es un dirigente\npol\u00edtico y como tal tienen que decir a donde apunta&#8221;, indic\u00f3.<\/p>\n\n\n\n<p>Finalmente, la ministra se refiri\u00f3 a Marcelo D&#8217;Alessio, el\nhombre que se presentaba como abogado qued\u00f3 detenido por extorsi\u00f3n. Asegur\u00f3 que\n&#8220;el objetivo de la causa es bajarlo a (el fiscal Carlos) Stornelli&#8221;,\ny que vio a D&#8217;Alessio una sola vez. &#8220;Vino al Ministerio a ofrecerse como\nexperto en narcotr\u00e1fico \u2014cont\u00f3\u2014. Es una de esas personas que dicen una cosa\ninteligente pero despu\u00e9s algo que no te cierra. Nunca me dio confianza, nunca\nme pareci\u00f3 una persona seria&#8221;. Para cerrar, ilustr\u00f3 su posici\u00f3n al recordar\nque en una oportunidad, un juez le consult\u00f3 si efectivamente trabajaba en el\nMinisterio, a lo que ella le contest\u00f3 que no s\u00f3lo no lo hac\u00eda, sino que\n&#8220;est\u00e1 chapa&#8221;.<\/p>\n","protected":false},"excerpt":{"rendered":"<p>La ministra dijo que no es una posici\u00f3n que le resulte atractiva, pero que si le fuera ofrecida, la aceptar\u00eda: &#8220;Tenemos que dejar de lado cualquier gusto personal&#8221; Tanto el nombre de la ministra de Seguridad Patricia Bullrich como el de su par de Desarrollo Social Carolina Stanley suelen aparecer a la hora de especular acerca de quien acompa\u00f1ar\u00eda a Mauricio Macri en la boleta de las elecciones presidenciales de este a\u00f1o. Consultada este martes acerca de la posibilidad, la funcionaria indic\u00f3 nuevamente que no hay definiciones al respecto, pero&#8230;<\/p>\n","protected":false},"author":3,"featured_media":41745,"comment_status":"closed","ping_status":"closed","sticky":false,"template":"","format":"standard","meta":[],"categories":[18],"tags":[],"_links":{"self":[{"href":"https:\/\/www.actualidadadiario.com\/index.php\/wp-json\/wp\/v2\/posts\/41744"}],"collection":[{"href":"https:\/\/www.actualidadadiario.com\/index.php\/wp-json\/wp\/v2\/posts"}],"about":[{"href":"https:\/\/www.actualidadadiario.com\/index.php\/wp-json\/wp\/v2\/types\/post"}],"author":[{"embeddable":true,"href":"https:\/\/www.actualidadadiario.com\/index.php\/wp-json\/wp\/v2\/users\/3"}],"replies":[{"embeddable":true,"href":"https:\/\/www.actualidadadiario.com\/index.php\/wp-json\/wp\/v2\/comments?post=41744"}],"version-history":[{"count":1,"href":"https:\/\/www.actualidadadiario.com\/index.php\/wp-json\/wp\/v2\/posts\/41744\/revisions"}],"predecessor-version":[{"id":41746,"href":"https:\/\/www.actualidadadiario.com\/index.php\/wp-json\/wp\/v2\/posts\/41744\/revisions\/41746"}],"wp:featuredmedia":[{"embeddable":true,"href":"https:\/\/www.actualidadadiario.com\/index.php\/wp-json\/wp\/v2\/media\/41745"}],"wp:attachment":[{"href":"https:\/\/www.actualidadadiario.com\/index.php\/wp-json\/wp\/v2\/media?parent=41744"}],"wp:term":[{"taxonomy":"category","embeddable":true,"href":"https:\/\/www.actualidadadiario.com\/index.php\/wp-json\/wp\/v2\/categories?post=41744"},{"taxonomy":"post_tag","embeddable":true,"href":"https:\/\/www.actualidadadiario.com\/index.php\/wp-json\/wp\/v2\/tags?post=41744"}],"curies":[{"name":"wp","href":"https:\/\/api.w.org\/{rel}","templated":true}]}}