{"id":41741,"date":"2019-03-13T10:06:52","date_gmt":"2019-03-13T13:06:52","guid":{"rendered":"https:\/\/www.actualidadadiario.com\/?p=41741"},"modified":"2019-05-06T20:51:40","modified_gmt":"2019-05-06T23:51:40","slug":"naidenoff-la-ruptura-en-cordoba-puede-tener-consecuencias-a-nivel-nacional","status":"publish","type":"post","link":"https:\/\/www.actualidadadiario.com\/index.php\/2019\/03\/13\/naidenoff-la-ruptura-en-cordoba-puede-tener-consecuencias-a-nivel-nacional\/","title":{"rendered":"Naidenoff: la ruptura en C\u00f3rdoba &#8220;puede tener consecuencias&#8221; a nivel nacional"},"content":{"rendered":"\n<p><strong><em>Para el presidente del interbloque oficialista \u201cse lleg\u00f3 a esta instancia por la falta de madurez del propio distrito\u201d<\/em><\/strong><\/p>\n\n\n\n<p><\/p>\n\n\n\n<p><\/p>\n\n\n\n<p>El presidente del interbloque oficialista en el Senado, Luis\nNaidenoff, declar\u00f3 este martes que la ruptura de Cambiemos en C\u00f3rdoba &#8211; en la\nque Luis Juez le solicit\u00f3 a la Junta Electoral de la provincia de C\u00f3rdoba salir\nde la alianza &#8211; &#8220;puede tener consecuencias en el andamiaje\ninstitucional&#8221; nacional de la alianza. <\/p>\n\n\n\n<p>Naidenoff habl\u00f3 de esta ruptura en el marco de lo que son\nlas futuras elecciones en una de las provincias donde Cambiemos obtuvo en el\n2015 uno de sus mayores caudal de votos: &#8220;Lo de C\u00f3rdoba representa la\nfalta de sentido com\u00fan y la inteligencia de la propia dirigencia del distrito,\ndonde hay competitividad electoral, donde administramos uno de los municipios\nm\u00e1s grandes de la Argentina. <\/p>\n\n\n\n<p>No ayuda para nada una puja de vanidades cuando hay mucho en\njuego en C\u00f3rdoba y en la Argentina&#8221;. El referente de la UCR advirti\u00f3 que\nesta fractura &#8220;pone en riesgo la posibilidad del triunfo en la provincia y\nl\u00f3gicamente que pueda tener consecuencias en el andamiaje institucional&#8221;.<\/p>\n\n\n\n<p>En di\u00e1logo con Radio Continental, dijo que\n&#8220;evidentemente, hay decisiones tomadas de antemano&#8221; en C\u00f3rdoba y\nlament\u00f3 que est\u00e9n involucrados &#8220;dirigentes que tiene mucho peso y volumen\nterritorial como el intendente Ram\u00f3n Mestre o (el diputado nacional) Mario\nNegri&#8221;. <\/p>\n\n\n\n<p>&#8220;Espero que en los d\u00edas que faltan se pueda encontrar\nun punto de entendimiento, porque no hay ninguna mesa nacional que pueda\ndireccionar los destinos de Cambiemos de C\u00f3rdoba. Es inviable que una mesa\ndigite una contienda de estas caracter\u00edsticas&#8221;, se\u00f1al\u00f3. <\/p>\n\n\n\n<p><strong>Cr\u00edticas a Carri\u00f3<\/strong><\/p>\n\n\n\n<p>Por otra parte, el formose\u00f1o cuestion\u00f3 a la l\u00edder de la\nCoalici\u00f3n C\u00edvica-ARI, Elisa Carri\u00f3, que ratific\u00f3 su apoyo a Negri en su\npostulaci\u00f3n para gobernar la provincia: &#8220;Es un compa\u00f1ero de ruta en la\nlucha republicana, es decisivo para la construcci\u00f3n de la Rep\u00fablica en la\nArgentina. Despu\u00e9s de Semana Santam voy a recorrer el pa\u00eds y voy a empezar por\nC\u00f3rdoba para acompa\u00f1arlo&#8221;.<\/p>\n\n\n\n<p>&#8220;La escuchaba a Carri\u00f3 y creo que hay declaraciones que\ntampoco ayudan en la cohesi\u00f3n de la fuerza: todos deber\u00edamos aportar para bajar\nlos decibeles. Esto puede dejar secuelas y heridas que tenemos que\nevitar&#8221;, concluy\u00f3. <\/p>\n\n\n\n<p><strong>Proyecciones <\/strong><\/p>\n\n\n\n<p>Naidenoff tambi\u00e9n us\u00f3 el espacio para dar sus proyecciones a\nnivel nacional y hacer un an\u00e1lisis de la gesti\u00f3n de Mauricio Macri hasta el\nmomento. Para \u00e9l, el Presidente &#8220;es plenamente consciente&#8221; de la\n&#8220;incidencia de la econom\u00eda&#8221; en las elecciones, as\u00ed como asegur\u00f3 que\nen &#8220;los pr\u00f3ximos meses&#8221; habr\u00e1 &#8220;un recupero&#8221; en los\nindicadores. <\/p>\n\n\n\n<p>&#8220;El Presidente es el que tiene mayor consciencia de la\nsituaci\u00f3n compleja&#8221; que enfrenta la econom\u00eda argentina, sostuvo el\nreferente radical.<\/p>\n","protected":false},"excerpt":{"rendered":"<p>Para el presidente del interbloque oficialista \u201cse lleg\u00f3 a esta instancia por la falta de madurez del propio distrito\u201d El presidente del interbloque oficialista en el Senado, Luis Naidenoff, declar\u00f3 este martes que la ruptura de Cambiemos en C\u00f3rdoba &#8211; en la que Luis Juez le solicit\u00f3 a la Junta Electoral de la provincia de C\u00f3rdoba salir de la alianza &#8211; &#8220;puede tener consecuencias en el andamiaje institucional&#8221; nacional de la alianza. Naidenoff habl\u00f3 de esta ruptura en el marco de lo que son las futuras elecciones en una de&#8230;<\/p>\n","protected":false},"author":3,"featured_media":41742,"comment_status":"closed","ping_status":"closed","sticky":false,"template":"","format":"standard","meta":[],"categories":[18],"tags":[],"_links":{"self":[{"href":"https:\/\/www.actualidadadiario.com\/index.php\/wp-json\/wp\/v2\/posts\/41741"}],"collection":[{"href":"https:\/\/www.actualidadadiario.com\/index.php\/wp-json\/wp\/v2\/posts"}],"about":[{"href":"https:\/\/www.actualidadadiario.com\/index.php\/wp-json\/wp\/v2\/types\/post"}],"author":[{"embeddable":true,"href":"https:\/\/www.actualidadadiario.com\/index.php\/wp-json\/wp\/v2\/users\/3"}],"replies":[{"embeddable":true,"href":"https:\/\/www.actualidadadiario.com\/index.php\/wp-json\/wp\/v2\/comments?post=41741"}],"version-history":[{"count":1,"href":"https:\/\/www.actualidadadiario.com\/index.php\/wp-json\/wp\/v2\/posts\/41741\/revisions"}],"predecessor-version":[{"id":41743,"href":"https:\/\/www.actualidadadiario.com\/index.php\/wp-json\/wp\/v2\/posts\/41741\/revisions\/41743"}],"wp:featuredmedia":[{"embeddable":true,"href":"https:\/\/www.actualidadadiario.com\/index.php\/wp-json\/wp\/v2\/media\/41742"}],"wp:attachment":[{"href":"https:\/\/www.actualidadadiario.com\/index.php\/wp-json\/wp\/v2\/media?parent=41741"}],"wp:term":[{"taxonomy":"category","embeddable":true,"href":"https:\/\/www.actualidadadiario.com\/index.php\/wp-json\/wp\/v2\/categories?post=41741"},{"taxonomy":"post_tag","embeddable":true,"href":"https:\/\/www.actualidadadiario.com\/index.php\/wp-json\/wp\/v2\/tags?post=41741"}],"curies":[{"name":"wp","href":"https:\/\/api.w.org\/{rel}","templated":true}]}}