{"id":41732,"date":"2019-03-13T10:04:48","date_gmt":"2019-03-13T13:04:48","guid":{"rendered":"https:\/\/www.actualidadadiario.com\/?p=41732"},"modified":"2019-05-06T20:56:19","modified_gmt":"2019-05-06T23:56:19","slug":"carrio-justifico-los-constantes-aumentos-de-la-carne-vacuna","status":"publish","type":"post","link":"https:\/\/www.actualidadadiario.com\/index.php\/2019\/03\/13\/carrio-justifico-los-constantes-aumentos-de-la-carne-vacuna\/","title":{"rendered":"Carri\u00f3 justific\u00f3 los constantes aumentos de la carne vacuna"},"content":{"rendered":"\n<p><strong><em>La diputada Elisa &#8220;Lilita&#8221; Carri\u00f3 volvi\u00f3 a lanzar una de sus pol\u00e9micas frases. En un programa televisivo, se refiri\u00f3 a los constantes aumentos en el precio de la carne vacuna y aconsej\u00f3 comer cerdo. \u201cCompren cerdo, yo estoy comiendo cerdo, que est\u00e1 riqu\u00edsimo. No les compro nada que aumenten como locos\u201d, afirm\u00f3 Carri\u00f3<\/em><\/strong><\/p>\n\n\n\n<p><\/p>\n\n\n\n<p><\/p>\n\n\n\n<p>\u201cEl precio de la carne tiene que ver con factores de\ncoyuntura\u201d, afirm\u00f3 la diputada, y justific\u00f3 las subas bajo el argumento de que\nel pa\u00eds volvi\u00f3 a ser exportador de carne de vaca y que eso incidi\u00f3 en el precio\nde ciertos cortes. \u201cEmpezamos a ser de nuevo exportadores de carne, porque no\nlo \u00e9ramos, una locura. Entonces, cuando vos export\u00e1s carne ten\u00e9s que ir a la\nfaena por corte, porque si no toda la media res tiene el precio de exportaci\u00f3n.\nEl asado o la cuadrada no se exportan\u201c, describi\u00f3.<\/p>\n\n\n\n<p>La pol\u00e9mica diputada dijo que como forma de mostrar su\ndescontento por los aumentos de precios de los alimentos iba a \u201cacostarse abajo\nde las g\u00f3ndolas&#8221; de los supermercados.&nbsp;\n\u201cMe van a tener que levantar los due\u00f1os, porque estar\u00e9 en huelga\u201c,\nconcluy\u00f3.<\/p>\n","protected":false},"excerpt":{"rendered":"<p>La diputada Elisa &#8220;Lilita&#8221; Carri\u00f3 volvi\u00f3 a lanzar una de sus pol\u00e9micas frases. En un programa televisivo, se refiri\u00f3 a los constantes aumentos en el precio de la carne vacuna y aconsej\u00f3 comer cerdo. \u201cCompren cerdo, yo estoy comiendo cerdo, que est\u00e1 riqu\u00edsimo. No les compro nada que aumenten como locos\u201d, afirm\u00f3 Carri\u00f3 \u201cEl precio de la carne tiene que ver con factores de coyuntura\u201d, afirm\u00f3 la diputada, y justific\u00f3 las subas bajo el argumento de que el pa\u00eds volvi\u00f3 a ser exportador de carne de vaca y que eso&#8230;<\/p>\n","protected":false},"author":3,"featured_media":41733,"comment_status":"closed","ping_status":"closed","sticky":false,"template":"","format":"standard","meta":[],"categories":[18],"tags":[],"_links":{"self":[{"href":"https:\/\/www.actualidadadiario.com\/index.php\/wp-json\/wp\/v2\/posts\/41732"}],"collection":[{"href":"https:\/\/www.actualidadadiario.com\/index.php\/wp-json\/wp\/v2\/posts"}],"about":[{"href":"https:\/\/www.actualidadadiario.com\/index.php\/wp-json\/wp\/v2\/types\/post"}],"author":[{"embeddable":true,"href":"https:\/\/www.actualidadadiario.com\/index.php\/wp-json\/wp\/v2\/users\/3"}],"replies":[{"embeddable":true,"href":"https:\/\/www.actualidadadiario.com\/index.php\/wp-json\/wp\/v2\/comments?post=41732"}],"version-history":[{"count":1,"href":"https:\/\/www.actualidadadiario.com\/index.php\/wp-json\/wp\/v2\/posts\/41732\/revisions"}],"predecessor-version":[{"id":41734,"href":"https:\/\/www.actualidadadiario.com\/index.php\/wp-json\/wp\/v2\/posts\/41732\/revisions\/41734"}],"wp:featuredmedia":[{"embeddable":true,"href":"https:\/\/www.actualidadadiario.com\/index.php\/wp-json\/wp\/v2\/media\/41733"}],"wp:attachment":[{"href":"https:\/\/www.actualidadadiario.com\/index.php\/wp-json\/wp\/v2\/media?parent=41732"}],"wp:term":[{"taxonomy":"category","embeddable":true,"href":"https:\/\/www.actualidadadiario.com\/index.php\/wp-json\/wp\/v2\/categories?post=41732"},{"taxonomy":"post_tag","embeddable":true,"href":"https:\/\/www.actualidadadiario.com\/index.php\/wp-json\/wp\/v2\/tags?post=41732"}],"curies":[{"name":"wp","href":"https:\/\/api.w.org\/{rel}","templated":true}]}}