{"id":41729,"date":"2019-03-13T10:04:05","date_gmt":"2019-03-13T13:04:05","guid":{"rendered":"https:\/\/www.actualidadadiario.com\/?p=41729"},"modified":"2019-05-06T20:50:50","modified_gmt":"2019-05-06T23:50:50","slug":"reelecciones-provinciales-la-corte-definira-los-casos-de-la-rioja-y-rio-negro","status":"publish","type":"post","link":"https:\/\/www.actualidadadiario.com\/index.php\/2019\/03\/13\/reelecciones-provinciales-la-corte-definira-los-casos-de-la-rioja-y-rio-negro\/","title":{"rendered":"Reelecciones provinciales: la Corte definir\u00e1 los casos de La Rioja y R\u00edo Negro"},"content":{"rendered":"\n<p><strong><em>Lo har\u00e1 el 22 de marzo pr\u00f3ximo. Fallar\u00e1n sobre los recursos presentados contra los actuales mandatarios Sergio Casas y Alberto Weretilneck<\/em><\/strong><\/p>\n\n\n\n<p><\/p>\n\n\n\n<p><\/p>\n\n\n\n<p>La Corte Suprema comunic\u00f3 que el viernes 22 de marzo se\npronunciar\u00e1 sobre los casos de las provincias de La Rioja y R\u00edo Negro, donde\nhay recursos judiciales presentados contra las postulaciones de los actuales mandatarios\npara su reelecci\u00f3n.<\/p>\n\n\n\n<p>En el caso de La Rioja, donde Sergio Casas pretende ir por\nun nuevo mandato tras la enmienda constitucional cuestionada por la oposici\u00f3n,\nel m\u00e1ximo tribunal reenvi\u00f3 el informe de la fiscal\u00eda de estado provincial a la\nProcuraci\u00f3n General, aunque esta ya se hab\u00eda pronunciado por que no tomara el\ncaso.<\/p>\n\n\n\n<p>Tambi\u00e9n le gir\u00f3 el planteo del peronismo rionegrino contra\nel fallo del Tribunal Superior de Justicia que aval\u00f3 la candidatura de Alberto\nWeretilneck, quien intenta obtener un tercer per\u00edodo, aduciendo que en el\nprimero su cargo original era de vicegobernador.<\/p>\n\n\n\n<p>La postura de la oposici\u00f3n hab\u00eda sido convalidada por el\nTribunal Electoral, aunque luego el m\u00e1ximo tribunal provincial dio vuelta la\ndecisi\u00f3n favoreciendo a Weretilneck.<\/p>\n\n\n\n<p>El fallo sobre el caso de La Rioja fue postergado tres d\u00edas,\nya que su fecha original era el 19 de marzo. Los miembros de la Corte Suprema\nconsideraron adecuado que ambas cuestiones sean resueltas el mismo d\u00eda.<\/p>\n","protected":false},"excerpt":{"rendered":"<p>Lo har\u00e1 el 22 de marzo pr\u00f3ximo. Fallar\u00e1n sobre los recursos presentados contra los actuales mandatarios Sergio Casas y Alberto Weretilneck La Corte Suprema comunic\u00f3 que el viernes 22 de marzo se pronunciar\u00e1 sobre los casos de las provincias de La Rioja y R\u00edo Negro, donde hay recursos judiciales presentados contra las postulaciones de los actuales mandatarios para su reelecci\u00f3n. En el caso de La Rioja, donde Sergio Casas pretende ir por un nuevo mandato tras la enmienda constitucional cuestionada por la oposici\u00f3n, el m\u00e1ximo tribunal reenvi\u00f3 el informe de&#8230;<\/p>\n","protected":false},"author":3,"featured_media":41730,"comment_status":"closed","ping_status":"closed","sticky":false,"template":"","format":"standard","meta":[],"categories":[18],"tags":[],"_links":{"self":[{"href":"https:\/\/www.actualidadadiario.com\/index.php\/wp-json\/wp\/v2\/posts\/41729"}],"collection":[{"href":"https:\/\/www.actualidadadiario.com\/index.php\/wp-json\/wp\/v2\/posts"}],"about":[{"href":"https:\/\/www.actualidadadiario.com\/index.php\/wp-json\/wp\/v2\/types\/post"}],"author":[{"embeddable":true,"href":"https:\/\/www.actualidadadiario.com\/index.php\/wp-json\/wp\/v2\/users\/3"}],"replies":[{"embeddable":true,"href":"https:\/\/www.actualidadadiario.com\/index.php\/wp-json\/wp\/v2\/comments?post=41729"}],"version-history":[{"count":1,"href":"https:\/\/www.actualidadadiario.com\/index.php\/wp-json\/wp\/v2\/posts\/41729\/revisions"}],"predecessor-version":[{"id":41731,"href":"https:\/\/www.actualidadadiario.com\/index.php\/wp-json\/wp\/v2\/posts\/41729\/revisions\/41731"}],"wp:featuredmedia":[{"embeddable":true,"href":"https:\/\/www.actualidadadiario.com\/index.php\/wp-json\/wp\/v2\/media\/41730"}],"wp:attachment":[{"href":"https:\/\/www.actualidadadiario.com\/index.php\/wp-json\/wp\/v2\/media?parent=41729"}],"wp:term":[{"taxonomy":"category","embeddable":true,"href":"https:\/\/www.actualidadadiario.com\/index.php\/wp-json\/wp\/v2\/categories?post=41729"},{"taxonomy":"post_tag","embeddable":true,"href":"https:\/\/www.actualidadadiario.com\/index.php\/wp-json\/wp\/v2\/tags?post=41729"}],"curies":[{"name":"wp","href":"https:\/\/api.w.org\/{rel}","templated":true}]}}