{"id":41726,"date":"2019-03-13T10:02:57","date_gmt":"2019-03-13T13:02:57","guid":{"rendered":"https:\/\/www.actualidadadiario.com\/?p=41726"},"modified":"2019-05-06T20:55:07","modified_gmt":"2019-05-06T23:55:07","slug":"el-gobierno-oficializo-el-aumento-del-46-en-la-auh","status":"publish","type":"post","link":"https:\/\/www.actualidadadiario.com\/index.php\/2019\/03\/13\/el-gobierno-oficializo-el-aumento-del-46-en-la-auh\/","title":{"rendered":"El Gobierno oficializ\u00f3 el aumento del 46% en la AUH"},"content":{"rendered":"\n<p><strong><em>El incremento, que fue dispuesto a trav\u00e9s del Decreto 186\/2019 en el Bolet\u00edn Oficial, que ser\u00e1 liquidado a partir del mes de marzo<\/em><\/strong><\/p>\n\n\n\n<p><\/p>\n\n\n\n<p><\/p>\n\n\n\n<p>El Gobierno formaliz\u00f3 este mi\u00e9rcoles el aumento del 46% en\nlos montos de la Asignaci\u00f3n Universal por Hijo (AUH) y de la Asignaci\u00f3n por\nEmbarazo, anunciado por el presidente Macri en la apertura de sesiones del\nCongreso. <\/p>\n\n\n\n<p>El incremento, que fue dispuesto a trav\u00e9s del Decreto\n186\/2019 en el Bolet\u00edn Oficial, que ser\u00e1 liquidado a partir del mes de marzo. <\/p>\n\n\n\n<p>La norma se\u00f1ala en sus considerandos que, en atenci\u00f3n a la\nsituaci\u00f3n de vulnerabilidad en la que se encuentran las familias beneficiarias\n(&#8230;) resulta necesario adoptar medidas tendientes a garantizar el ejercicio y\ndisfrute de aquellos derechos&#8230;&#8221;.<\/p>\n\n\n\n<p>En esa l\u00ednea, a\u00f1ade: &#8220;Se torna necesario adoptar\nmedidas eficientes para mejorar la situaci\u00f3n socio-econ\u00f3mica en la que se\nencuentran los beneficiarios (&#8230;) y, principalmente los menores, los menores\ncon discapacidad y las mujeres en estado de embarazo destinatarios de las\nmismas&#8221;. <\/p>\n\n\n\n<p>El aumento fue anunciado por Macri durante el discurso de la\ninauguraci\u00f3n de las sesiones ordinarias del Congreso, el 1 de marzo pasado.\n&#8220;La pobreza volvi\u00f3 a los niveles de antes y los chicos son los m\u00e1s golpeados&#8221;,\nmanifest\u00f3 el mandatario en esa oportunidad. <\/p>\n\n\n\n<p><strong>Los montos <\/strong><\/p>\n\n\n\n<p>De acuerdo con lo previsto por la ley de Movilidad, la AUH\npasar\u00eda a partir de este mes de los $ 1816 actuales a $ 2029,70 por hijo. Con\nla suba oficializada, el beneficio se ir\u00e1 a $ 2644 por hijo desde este mes. <\/p>\n\n\n\n<p>Durante su discurso, el Presidente dijo que se har\u00eda uso de\nla cl\u00e1usula acordada con el FMI que permite subir el gasto social. La meta para\neste a\u00f1o es alcanzar el d\u00e9ficit primario cero, pero podr\u00eda extenderse al 0,2%\ndel PBI si el gasto es social. <\/p>\n\n\n\n<p>Por su parte, el titular de la Anses, Emilio Basavilbaso,\nasegur\u00f3 que el costo fiscal de la medida ser\u00e1 de $ 15.000 millones en el a\u00f1o.\nEse importe no alcanza al 0,2% del PBI por lo que podr\u00edan anunciarse nuevos\nincrementos.<\/p>\n","protected":false},"excerpt":{"rendered":"<p>El incremento, que fue dispuesto a trav\u00e9s del Decreto 186\/2019 en el Bolet\u00edn Oficial, que ser\u00e1 liquidado a partir del mes de marzo El Gobierno formaliz\u00f3 este mi\u00e9rcoles el aumento del 46% en los montos de la Asignaci\u00f3n Universal por Hijo (AUH) y de la Asignaci\u00f3n por Embarazo, anunciado por el presidente Macri en la apertura de sesiones del Congreso. El incremento, que fue dispuesto a trav\u00e9s del Decreto 186\/2019 en el Bolet\u00edn Oficial, que ser\u00e1 liquidado a partir del mes de marzo. La norma se\u00f1ala en sus considerandos que,&#8230;<\/p>\n","protected":false},"author":3,"featured_media":41727,"comment_status":"closed","ping_status":"closed","sticky":false,"template":"","format":"standard","meta":[],"categories":[2],"tags":[],"_links":{"self":[{"href":"https:\/\/www.actualidadadiario.com\/index.php\/wp-json\/wp\/v2\/posts\/41726"}],"collection":[{"href":"https:\/\/www.actualidadadiario.com\/index.php\/wp-json\/wp\/v2\/posts"}],"about":[{"href":"https:\/\/www.actualidadadiario.com\/index.php\/wp-json\/wp\/v2\/types\/post"}],"author":[{"embeddable":true,"href":"https:\/\/www.actualidadadiario.com\/index.php\/wp-json\/wp\/v2\/users\/3"}],"replies":[{"embeddable":true,"href":"https:\/\/www.actualidadadiario.com\/index.php\/wp-json\/wp\/v2\/comments?post=41726"}],"version-history":[{"count":1,"href":"https:\/\/www.actualidadadiario.com\/index.php\/wp-json\/wp\/v2\/posts\/41726\/revisions"}],"predecessor-version":[{"id":41728,"href":"https:\/\/www.actualidadadiario.com\/index.php\/wp-json\/wp\/v2\/posts\/41726\/revisions\/41728"}],"wp:featuredmedia":[{"embeddable":true,"href":"https:\/\/www.actualidadadiario.com\/index.php\/wp-json\/wp\/v2\/media\/41727"}],"wp:attachment":[{"href":"https:\/\/www.actualidadadiario.com\/index.php\/wp-json\/wp\/v2\/media?parent=41726"}],"wp:term":[{"taxonomy":"category","embeddable":true,"href":"https:\/\/www.actualidadadiario.com\/index.php\/wp-json\/wp\/v2\/categories?post=41726"},{"taxonomy":"post_tag","embeddable":true,"href":"https:\/\/www.actualidadadiario.com\/index.php\/wp-json\/wp\/v2\/tags?post=41726"}],"curies":[{"name":"wp","href":"https:\/\/api.w.org\/{rel}","templated":true}]}}