{"id":41720,"date":"2019-03-13T10:01:24","date_gmt":"2019-03-13T13:01:24","guid":{"rendered":"https:\/\/www.actualidadadiario.com\/?p=41720"},"modified":"2019-05-06T20:55:07","modified_gmt":"2019-05-06T23:55:07","slug":"el-gobierno-facilito-el-tramite-para-el-primer-dni-a-chicos-de-entre-13-y-18-anos","status":"publish","type":"post","link":"https:\/\/www.actualidadadiario.com\/index.php\/2019\/03\/13\/el-gobierno-facilito-el-tramite-para-el-primer-dni-a-chicos-de-entre-13-y-18-anos\/","title":{"rendered":"El Gobierno facilit\u00f3 el tr\u00e1mite para el primer DNI a chicos de entre 13 y 18 a\u00f1os"},"content":{"rendered":"\n<p><strong><em>La medida es para aquellos que no hayan sido anotados en el Registro Civil al nacer y que, por lo tanto, carecen de DNI<\/em><\/strong><\/p>\n\n\n\n<p><\/p>\n\n\n\n<p><\/p>\n\n\n\n<p>El Gobierno estableci\u00f3 un r\u00e9gimen que simplifica la\ninscripci\u00f3n de chicos y adolescentes que no hayan sido anotados en el Registro\nCivil al nacer y, que por lo tanto, carecen de DNI.<\/p>\n\n\n\n<p>Seg\u00fan el Decreto 185\/2019 publicado este mi\u00e9rcoles en el\nBolet\u00edn Oficial, el r\u00e9gimen simplificado es excepcional y rige por un a\u00f1o,\nprorrogable a dos, para aquellos chicos y adolescentes de entre 13 y 18 a\u00f1os\nque no hayan sido anotados en el Registro al nacer o cuya inscripci\u00f3n est\u00e9 en\ntr\u00e1mite.<\/p>\n\n\n\n<p>Hasta ahora, los indocumentados en aquel rango et\u00e1reo deb\u00edan\natravesar por un procedimiento judicial que demora hasta dos a\u00f1os para obtener\nel documento. Con el nuevo r\u00e9gimen, los menores de entre 13 y 18 a\u00f1os ya no\ntendr\u00e1n que iniciar un juicio de inscripci\u00f3n fuera de t\u00e9rmino para obtener su\nprimer DNI y, adem\u00e1s, ser\u00e1n eximidos de pagar cualquier multa.<\/p>\n\n\n\n<p><strong>\u00bfC\u00f3mo es el tr\u00e1mite?<\/strong><\/p>\n\n\n\n<p>-Presentar en el Registro Civil un informe negativo de\ninscripci\u00f3n de nacimiento.<\/p>\n\n\n\n<p>-Llevar un certificado m\u00e9dico donde conste que, hasta el\nmomento, la persona no fue inscripta en un ning\u00fan Registro Civil.<\/p>\n\n\n\n<p>-Presentar el certificado donde figure la fecha y lugar de\nnacimiento.<\/p>\n\n\n\n<p>-Ir acompa\u00f1ado por el padre o madre con DNI o, en caso de\nque se encuentren ausentes, llevar dos testigos tambi\u00e9n con documento.<\/p>\n\n\n\n<p>La Partida de Nacimiento se har\u00e1 v\u00eda administrativa, con la\ncual luego se podr\u00e1 tramitar el primer DNI en forma gratuita.<\/p>\n","protected":false},"excerpt":{"rendered":"<p>La medida es para aquellos que no hayan sido anotados en el Registro Civil al nacer y que, por lo tanto, carecen de DNI El Gobierno estableci\u00f3 un r\u00e9gimen que simplifica la inscripci\u00f3n de chicos y adolescentes que no hayan sido anotados en el Registro Civil al nacer y, que por lo tanto, carecen de DNI. Seg\u00fan el Decreto 185\/2019 publicado este mi\u00e9rcoles en el Bolet\u00edn Oficial, el r\u00e9gimen simplificado es excepcional y rige por un a\u00f1o, prorrogable a dos, para aquellos chicos y adolescentes de entre 13 y 18&#8230;<\/p>\n","protected":false},"author":3,"featured_media":41721,"comment_status":"closed","ping_status":"closed","sticky":false,"template":"","format":"standard","meta":[],"categories":[2],"tags":[],"_links":{"self":[{"href":"https:\/\/www.actualidadadiario.com\/index.php\/wp-json\/wp\/v2\/posts\/41720"}],"collection":[{"href":"https:\/\/www.actualidadadiario.com\/index.php\/wp-json\/wp\/v2\/posts"}],"about":[{"href":"https:\/\/www.actualidadadiario.com\/index.php\/wp-json\/wp\/v2\/types\/post"}],"author":[{"embeddable":true,"href":"https:\/\/www.actualidadadiario.com\/index.php\/wp-json\/wp\/v2\/users\/3"}],"replies":[{"embeddable":true,"href":"https:\/\/www.actualidadadiario.com\/index.php\/wp-json\/wp\/v2\/comments?post=41720"}],"version-history":[{"count":1,"href":"https:\/\/www.actualidadadiario.com\/index.php\/wp-json\/wp\/v2\/posts\/41720\/revisions"}],"predecessor-version":[{"id":41722,"href":"https:\/\/www.actualidadadiario.com\/index.php\/wp-json\/wp\/v2\/posts\/41720\/revisions\/41722"}],"wp:featuredmedia":[{"embeddable":true,"href":"https:\/\/www.actualidadadiario.com\/index.php\/wp-json\/wp\/v2\/media\/41721"}],"wp:attachment":[{"href":"https:\/\/www.actualidadadiario.com\/index.php\/wp-json\/wp\/v2\/media?parent=41720"}],"wp:term":[{"taxonomy":"category","embeddable":true,"href":"https:\/\/www.actualidadadiario.com\/index.php\/wp-json\/wp\/v2\/categories?post=41720"},{"taxonomy":"post_tag","embeddable":true,"href":"https:\/\/www.actualidadadiario.com\/index.php\/wp-json\/wp\/v2\/tags?post=41720"}],"curies":[{"name":"wp","href":"https:\/\/api.w.org\/{rel}","templated":true}]}}