{"id":41717,"date":"2019-03-13T10:00:40","date_gmt":"2019-03-13T13:00:40","guid":{"rendered":"https:\/\/www.actualidadadiario.com\/?p=41717"},"modified":"2019-05-06T20:56:52","modified_gmt":"2019-05-06T23:56:52","slug":"aseguran-que-el-ara-san-juan-se-hundio-por-una-implosion","status":"publish","type":"post","link":"https:\/\/www.actualidadadiario.com\/index.php\/2019\/03\/13\/aseguran-que-el-ara-san-juan-se-hundio-por-una-implosion\/","title":{"rendered":"Aseguran que el ARA San Juan se hundi\u00f3 por una implosi\u00f3n"},"content":{"rendered":"\n<p><strong><em>En una presentaci\u00f3n en el senado, el director general de Material de la Armada dio detalles sobre el hundimiento del submarino<\/em><\/strong><\/p>\n\n\n\n<p><\/p>\n\n\n\n<p><\/p>\n\n\n\n<p>El contralmirante David Burden, director general de Material\nde la Armada, dijo hoy que el submarino ARA San Juan registr\u00f3 \u201cuna implosi\u00f3n\u201d\nque provoc\u00f3 su \u201chundimiento\u201d a 920 metros de profundidad en el Mar Argentino,\ndonde fue localizado casi un a\u00f1o despu\u00e9s de la tragedia ocurrida a mediados de\nnoviembre de 2017, cuando navegaba hacia Mar del Plata con 44 tripulantes a\nbordo.<\/p>\n\n\n\n<p>Burden dio su testimonio ante la Comisi\u00f3n Bicameral Especial\nInvestigadora sobre la Desaparici\u00f3n, B\u00fasqueda y Operaciones de Rescate del\nSubmarino ARA San Juan, que sesion\u00f3 en el sal\u00f3n auditorio del Edificio Alfredo\nPalacios del Senado, con la presidencia del senador por Tierra del Fuego, Jos\u00e9\nOjeda.<\/p>\n\n\n\n<p>El director general de Material de la Armada dijo que\n\u201cdefinitivamente hubo una implosi\u00f3n\u201d y que esa fue la conclusi\u00f3n principal a la\nque se arrib\u00f3 en los talleres de Thyssen Nordseewerke, fabricante del submarino\nSan Juan, en la ciudad Emden de Alemania, cuando entre el 1\u00ba y 2 de diciembre\nconcurri\u00f3 all\u00ed junto al submarinista capit\u00e1n de nav\u00edo Marcelo Flamini, para\nestablecer la situaci\u00f3n estructural del buque tras el hundimiento.<\/p>\n\n\n\n<p>Adem\u00e1s, el marino, que actualmente mantiene el mismo cargo\nque ten\u00eda el 15 de noviembre de 2017, cont\u00f3 que la nave se encuentra en el\nfondo del mar a 920 metros de profundidad, y que se hallaron restos de la misma\n\u201cen un \u00e1rea de escombros de 70 por 75 metros\u201d.<\/p>\n\n\n\n<p>Burden tambi\u00e9n cont\u00f3 que cuando inici\u00f3 la \u00faltima traves\u00eda\nmarina, el submarino \u201cestaba bien\u201d, que siempre confi\u00f3 en las decisiones que\nadoptaban los comandantes de los buques y el jefe de la fuerza de submarinos, y\naprovech\u00f3 su contacto con los legisladores para mostrarles un gr\u00e1fico en el que\nse ve\u00eda claramente el sistema de tuber\u00edas por el que se cree que habr\u00eda\ningresado agua de mar hasta las bater\u00edas de proa provocando \u201cun cortocircuito\ncon incendio de humo, sin llama\u201d.<\/p>\n\n\n\n<p>Tambi\u00e9n tom\u00f3 la palabra el contralmirante Rafael Pietro,\nexcomandante de la Flota de Mar al momento de la desaparici\u00f3n del ARA San Juan,\nquien remarc\u00f3 que en las tareas de b\u00fasqueda de la nave \u201cjam\u00e1s hubo una\ndisidencia con el comando ruso, de Estados Unidos y brit\u00e1nico respecto de qu\u00e9\nse hac\u00eda\u201d para encontrar al submarino con el cual se perdi\u00f3 contacto el 15 de\nnoviembre, cuando regresaba hacia Mar del Plata tras participar de un ejercicio\nnaval en las cercan\u00edas de Ushuaia, Tierra del Fuego.<\/p>\n","protected":false},"excerpt":{"rendered":"<p>En una presentaci\u00f3n en el senado, el director general de Material de la Armada dio detalles sobre el hundimiento del submarino El contralmirante David Burden, director general de Material de la Armada, dijo hoy que el submarino ARA San Juan registr\u00f3 \u201cuna implosi\u00f3n\u201d que provoc\u00f3 su \u201chundimiento\u201d a 920 metros de profundidad en el Mar Argentino, donde fue localizado casi un a\u00f1o despu\u00e9s de la tragedia ocurrida a mediados de noviembre de 2017, cuando navegaba hacia Mar del Plata con 44 tripulantes a bordo. Burden dio su testimonio ante la&#8230;<\/p>\n","protected":false},"author":3,"featured_media":41718,"comment_status":"closed","ping_status":"closed","sticky":false,"template":"","format":"standard","meta":[],"categories":[2],"tags":[],"_links":{"self":[{"href":"https:\/\/www.actualidadadiario.com\/index.php\/wp-json\/wp\/v2\/posts\/41717"}],"collection":[{"href":"https:\/\/www.actualidadadiario.com\/index.php\/wp-json\/wp\/v2\/posts"}],"about":[{"href":"https:\/\/www.actualidadadiario.com\/index.php\/wp-json\/wp\/v2\/types\/post"}],"author":[{"embeddable":true,"href":"https:\/\/www.actualidadadiario.com\/index.php\/wp-json\/wp\/v2\/users\/3"}],"replies":[{"embeddable":true,"href":"https:\/\/www.actualidadadiario.com\/index.php\/wp-json\/wp\/v2\/comments?post=41717"}],"version-history":[{"count":1,"href":"https:\/\/www.actualidadadiario.com\/index.php\/wp-json\/wp\/v2\/posts\/41717\/revisions"}],"predecessor-version":[{"id":41719,"href":"https:\/\/www.actualidadadiario.com\/index.php\/wp-json\/wp\/v2\/posts\/41717\/revisions\/41719"}],"wp:featuredmedia":[{"embeddable":true,"href":"https:\/\/www.actualidadadiario.com\/index.php\/wp-json\/wp\/v2\/media\/41718"}],"wp:attachment":[{"href":"https:\/\/www.actualidadadiario.com\/index.php\/wp-json\/wp\/v2\/media?parent=41717"}],"wp:term":[{"taxonomy":"category","embeddable":true,"href":"https:\/\/www.actualidadadiario.com\/index.php\/wp-json\/wp\/v2\/categories?post=41717"},{"taxonomy":"post_tag","embeddable":true,"href":"https:\/\/www.actualidadadiario.com\/index.php\/wp-json\/wp\/v2\/tags?post=41717"}],"curies":[{"name":"wp","href":"https:\/\/api.w.org\/{rel}","templated":true}]}}