{"id":41709,"date":"2019-03-13T09:58:11","date_gmt":"2019-03-13T12:58:11","guid":{"rendered":"https:\/\/www.actualidadadiario.com\/?p=41709"},"modified":"2019-05-06T20:53:04","modified_gmt":"2019-05-06T23:53:04","slug":"la-industria-opero-con-casi-la-mitad-de-las-maquinas-y-fue-el-peor-enero-desde-2002","status":"publish","type":"post","link":"https:\/\/www.actualidadadiario.com\/index.php\/2019\/03\/13\/la-industria-opero-con-casi-la-mitad-de-las-maquinas-y-fue-el-peor-enero-desde-2002\/","title":{"rendered":"La industria oper\u00f3 con casi la mitad de las m\u00e1quinas y fue el peor enero desde 2002"},"content":{"rendered":"\n<p><strong><em>Durante enero, el 43,8% de las maquinarias instaladas en las industrias estuvieron desactivadas y convirti\u00f3 al mes estival en el peor inicio de a\u00f1o desde el 2002, cuando finalizaba la convertibilidad. La utilizaci\u00f3n de la capacidad instalada fabril fue de apenas 56,2%, lo que signific\u00f3 una ca\u00edda de 5,4 puntos contra el mismo per\u00edodo del 2018. El dato es tan grave como esperable: en enero el consumo de energ\u00eda el\u00e9ctrica en las grandes industrias hab\u00eda ca\u00eddo 9,1%<\/em><\/strong><\/p>\n\n\n\n<p><\/p>\n\n\n\n<p><\/p>\n\n\n\n<p>Los n\u00fameros hacia adentro de los sectores mostraron algunas\nrealidades alarmantes: la automotriz oper\u00f3 al 15,7% durante enero. Si bien el\nprimer mes del a\u00f1o suele mostrar ruidos porque es un mes en el que se suelen\nrealizar paradas t\u00e9cnicas y en el que se centran las salidas por vacaciones, el\npropio Indec explic\u00f3: &#8220;El nivel de utilizaci\u00f3n de la capacidad instalada\nde 15,7%, inferior al de enero de 2018, que fue de 25,6%, se dio como\nconsecuencia de la disminuci\u00f3n de la cantidad de unidades fabricadas por las\nterminales automotrices a partir de la menor demanda&#8221;.<\/p>\n\n\n\n<p>Otro sector que camina al filo de la emergencia es el\ntextil, que mes a mes muestra datos que resultan incluso shockeantes. S\u00f3lo\nutiliz\u00f3 el 31,4% de su capacidad instalada, mucho menos que el 57,2% que hab\u00eda\nusado durante el a\u00f1o pasado, y mostr\u00f3 que su capacidad de deteriorarse sin que\nhaya una destrucci\u00f3n masiva de empleo ya est\u00e1 llegando al piso.<\/p>\n\n\n\n<p>Lo explic\u00f3 el economista Leandro Mora Alfons\u00edn: &#8220;La\nsituaci\u00f3n m\u00e1s categ\u00f3rica se da en el sector textil, con un uso de su capacidad\ndel 31,4%, lo que implica que estuvo 25,8 puntos por debajo del nivel de enero\ndel a\u00f1o pasado. Estos ya son valores cr\u00edticos, que por su vigencia en los\n\u00faltimos meses indican posible p\u00e9rdida de capacidades, es decir despidos y\ncierres. El dato general est\u00e1 vinculado a la ca\u00edda de la industria y la baja\ndel consumo. Adem\u00e1s da la pauta de bajas perspectivas de inversi\u00f3n en el corto\nplazo&#8221;.<\/p>\n\n\n\n<p>Y agreg\u00f3: &#8220;A su vez, la acumulaci\u00f3n de stocks en un\ncontexto de tasas altas redunda en la liquidaci\u00f3n de los mismos a precios por\ndebajo del umbral m\u00ednimo de rentabilidad. Esto afecta tambi\u00e9n a la producci\u00f3n\nfutura&#8221;.<\/p>\n\n\n\n<p>Otro sector que dio un n\u00famero extraordinariamente bajo fue\nla metalmec\u00e1nica, relacionado justamente con la inversi\u00f3n, en este caso del\nsector agrario. Tambi\u00e9n refleja una ca\u00edda importante en el consumo de aparatos\nde uso dom\u00e9stico, tal como destac\u00f3 el Indec. La parada de las plantas del\nsector generaron una utilizaci\u00f3n de su capacidad instalada de 38,4%, m\u00e1s de 10\npuntos por debajo de los niveles que hab\u00eda marcado en enero del 2018.<\/p>\n\n\n\n<p>En t\u00e9rminos generales, salvo la industria del tabaco y la\nsiderurgia, que utiliz\u00f3 el 71,7%, es decir 4,3 puntos m\u00e1s que en el mismo mes\ndel a\u00f1o pasado, todos los sectores mostraron un gran deterioro en cuanto a su\nuso de las plantas. Una construcci\u00f3n que tracciona menos por el parate en la\nobra p\u00fablica, el consumo en franco retroceso por la devaluaci\u00f3n del 2018 y su\nefecto en el salario y una inversi\u00f3n que pasa por su peor momento, lideran las\nexplicaciones del fen\u00f3meno.<\/p>\n","protected":false},"excerpt":{"rendered":"<p>Durante enero, el 43,8% de las maquinarias instaladas en las industrias estuvieron desactivadas y convirti\u00f3 al mes estival en el peor inicio de a\u00f1o desde el 2002, cuando finalizaba la convertibilidad. La utilizaci\u00f3n de la capacidad instalada fabril fue de apenas 56,2%, lo que signific\u00f3 una ca\u00edda de 5,4 puntos contra el mismo per\u00edodo del 2018. El dato es tan grave como esperable: en enero el consumo de energ\u00eda el\u00e9ctrica en las grandes industrias hab\u00eda ca\u00eddo 9,1% Los n\u00fameros hacia adentro de los sectores mostraron algunas realidades alarmantes: la automotriz&#8230;<\/p>\n","protected":false},"author":3,"featured_media":41710,"comment_status":"closed","ping_status":"closed","sticky":false,"template":"","format":"standard","meta":[],"categories":[2],"tags":[],"_links":{"self":[{"href":"https:\/\/www.actualidadadiario.com\/index.php\/wp-json\/wp\/v2\/posts\/41709"}],"collection":[{"href":"https:\/\/www.actualidadadiario.com\/index.php\/wp-json\/wp\/v2\/posts"}],"about":[{"href":"https:\/\/www.actualidadadiario.com\/index.php\/wp-json\/wp\/v2\/types\/post"}],"author":[{"embeddable":true,"href":"https:\/\/www.actualidadadiario.com\/index.php\/wp-json\/wp\/v2\/users\/3"}],"replies":[{"embeddable":true,"href":"https:\/\/www.actualidadadiario.com\/index.php\/wp-json\/wp\/v2\/comments?post=41709"}],"version-history":[{"count":1,"href":"https:\/\/www.actualidadadiario.com\/index.php\/wp-json\/wp\/v2\/posts\/41709\/revisions"}],"predecessor-version":[{"id":41711,"href":"https:\/\/www.actualidadadiario.com\/index.php\/wp-json\/wp\/v2\/posts\/41709\/revisions\/41711"}],"wp:featuredmedia":[{"embeddable":true,"href":"https:\/\/www.actualidadadiario.com\/index.php\/wp-json\/wp\/v2\/media\/41710"}],"wp:attachment":[{"href":"https:\/\/www.actualidadadiario.com\/index.php\/wp-json\/wp\/v2\/media?parent=41709"}],"wp:term":[{"taxonomy":"category","embeddable":true,"href":"https:\/\/www.actualidadadiario.com\/index.php\/wp-json\/wp\/v2\/categories?post=41709"},{"taxonomy":"post_tag","embeddable":true,"href":"https:\/\/www.actualidadadiario.com\/index.php\/wp-json\/wp\/v2\/tags?post=41709"}],"curies":[{"name":"wp","href":"https:\/\/api.w.org\/{rel}","templated":true}]}}